{"id":102558,"date":"2026-04-28T14:31:00","date_gmt":"2026-04-28T20:31:00","guid":{"rendered":"https:\/\/www.interaccionnoticias.com.mx\/?p=102558"},"modified":"2026-04-28T20:28:43","modified_gmt":"2026-04-29T02:28:43","slug":"guerrero-enfrentara-dos-semanas-mas-de-calor-intenso","status":"publish","type":"post","link":"https:\/\/www.interaccionnoticias.com.mx\/?p=102558","title":{"rendered":"Guerrero enfrentar\u00e1 dos semanas m\u00e1s de calor intenso"},"content":{"rendered":"\n<p><em><strong>&#8212; Algunos municipios presentan temperaturas mayores a 41 grados<\/strong><\/em><\/p>\n\n\n\n<p><strong>Rosario Garc\u00eda Orozco<\/strong><\/p>\n\n\n\n<p>Guerrero enfrentar\u00e1 por lo menos dos semanas m\u00e1s de intenso calor debido a un sistema anticicl\u00f3nico que eleva de manera considerable las temperaturas, con registros mayores a los 41 grados, inform\u00f3 el secretario de Gesti\u00f3n Integral de Riesgos y Protecci\u00f3n Civil, Roberto Arroyo Matus.<\/p>\n\n\n\n<p>Refiri\u00f3 que una intensa ola de calor provocada por un sistema anticicl\u00f3nico mantiene cielos despejados, pero eleva considerablemente las temperaturas, principalmente en municipios de las regiones de Tierra Caliente y Costa Chica, donde los registros han rebasado los 41 grados cent\u00edgrados.<\/p>\n\n\n\n<p>El funcionario estatal explic\u00f3 que este fen\u00f3meno se origina por una condici\u00f3n anticicl\u00f3nica ubicada en niveles altos de la atm\u00f3sfera, a m\u00e1s de 5 mil metros de altitud, lo que impide la formaci\u00f3n de nubosidad y favorece un aumento importante del calor en gran parte del estado.<\/p>\n\n\n\n<p>Detall\u00f3 que, adem\u00e1s, un canal de baja presi\u00f3n extendido hacia el noreste del pa\u00eds influye en Guerrero y contribuye a mantener el ambiente extremadamente caluroso, sobre todo en municipios de la Costa Chica y Tierra Caliente, colindantes con Oaxaca.<\/p>\n\n\n\n<p>\u201cSe han registrado temperaturas de 41 grados cent\u00edgrados, principalmente en las zonas m\u00e1s extremas de Tierra Caliente y Costa Chica\u201d, se\u00f1al\u00f3 Roberto Arroyo.<\/p>\n\n\n\n<p>Advirti\u00f3 tambi\u00e9n sobre una elevada radiaci\u00f3n ultravioleta, por lo que recomend\u00f3 a la poblaci\u00f3n evitar exposici\u00f3n prolongada al sol entre las 10 de la ma\u00f1ana y las 3 de la tarde, periodo en el que la intensidad del calor y la radiaci\u00f3n alcanzan sus niveles m\u00e1s altos.<\/p>\n\n\n\n<p>De acuerdo con las proyecciones del Servicio Meteorol\u00f3gico Nacional, estas condiciones podr\u00edan mantenerse durante al menos dos semanas m\u00e1s, aunque no se descartan lluvias ligeras en regiones como la Sierra y la Monta\u00f1a.<\/p>\n\n\n\n<p>Mientras que en la regi\u00f3n Centro del estado, las temperaturas ser\u00e1n menos extremas, con m\u00e1ximas cercanas a los 35 grados cent\u00edgrados, aunque el ambiente seguir\u00e1 siendo caluroso.<\/p>\n\n\n\n<figure class=\"wp-block-gallery has-nested-images columns-default is-cropped wp-block-gallery-1 is-layout-flex wp-block-gallery-is-layout-flex\">\n<figure class=\"wp-block-image size-large\"><img decoding=\"async\" src=\"data:image\/gif;base64,R0lGODlhAQABAIAAAAAAAP\/\/\/ywAAAAAAQABAAACAUwAOw==\" fifu-lazy=\"1\" fifu-data-sizes=\"auto\" fifu-data-srcset=\"https:\/\/i1.wp.com\/www.interaccionnoticias.com.mx\/wp-content\/uploads\/2026\/04\/260428-calor-intenso-2.jpg?ssl=1&w=75&resize=75&ssl=1 75w, https:\/\/i1.wp.com\/www.interaccionnoticias.com.mx\/wp-content\/uploads\/2026\/04\/260428-calor-intenso-2.jpg?ssl=1&w=100&resize=100&ssl=1 100w, https:\/\/i1.wp.com\/www.interaccionnoticias.com.mx\/wp-content\/uploads\/2026\/04\/260428-calor-intenso-2.jpg?ssl=1&w=150&resize=150&ssl=1 150w, https:\/\/i1.wp.com\/www.interaccionnoticias.com.mx\/wp-content\/uploads\/2026\/04\/260428-calor-intenso-2.jpg?ssl=1&w=240&resize=240&ssl=1 240w, https:\/\/i1.wp.com\/www.interaccionnoticias.com.mx\/wp-content\/uploads\/2026\/04\/260428-calor-intenso-2.jpg?ssl=1&w=320&resize=320&ssl=1 320w, https:\/\/i1.wp.com\/www.interaccionnoticias.com.mx\/wp-content\/uploads\/2026\/04\/260428-calor-intenso-2.jpg?ssl=1&w=500&resize=500&ssl=1 500w, https:\/\/i1.wp.com\/www.interaccionnoticias.com.mx\/wp-content\/uploads\/2026\/04\/260428-calor-intenso-2.jpg?ssl=1&w=640&resize=640&ssl=1 640w, https:\/\/i1.wp.com\/www.interaccionnoticias.com.mx\/wp-content\/uploads\/2026\/04\/260428-calor-intenso-2.jpg?ssl=1&w=800&resize=800&ssl=1 800w, https:\/\/i1.wp.com\/www.interaccionnoticias.com.mx\/wp-content\/uploads\/2026\/04\/260428-calor-intenso-2.jpg?ssl=1&w=1024&resize=1024&ssl=1 1024w, https:\/\/i1.wp.com\/www.interaccionnoticias.com.mx\/wp-content\/uploads\/2026\/04\/260428-calor-intenso-2.jpg?ssl=1&w=1280&resize=1280&ssl=1 1280w, https:\/\/i1.wp.com\/www.interaccionnoticias.com.mx\/wp-content\/uploads\/2026\/04\/260428-calor-intenso-2.jpg?ssl=1&w=1600&resize=1600&ssl=1 1600w\" data-id=\"102559\" fifu-data-src=\"https:\/\/i1.wp.com\/www.interaccionnoticias.com.mx\/wp-content\/uploads\/2026\/04\/260428-calor-intenso-2.jpg?ssl=1\" alt=\"\" class=\"wp-image-102559\"\/><\/figure>\n<\/figure>\n\n\n\n<figure class=\"wp-block-image size-large\"><img decoding=\"async\" src=\"data:image\/gif;base64,R0lGODlhAQABAIAAAAAAAP\/\/\/ywAAAAAAQABAAACAUwAOw==\" fifu-lazy=\"1\" fifu-data-sizes=\"auto\" fifu-data-srcset=\"https:\/\/i1.wp.com\/www.interaccionnoticias.com.mx\/wp-content\/uploads\/2026\/04\/260428-calor-intenso-1.jpg?ssl=1&w=75&resize=75&ssl=1 75w, https:\/\/i1.wp.com\/www.interaccionnoticias.com.mx\/wp-content\/uploads\/2026\/04\/260428-calor-intenso-1.jpg?ssl=1&w=100&resize=100&ssl=1 100w, https:\/\/i1.wp.com\/www.interaccionnoticias.com.mx\/wp-content\/uploads\/2026\/04\/260428-calor-intenso-1.jpg?ssl=1&w=150&resize=150&ssl=1 150w, https:\/\/i1.wp.com\/www.interaccionnoticias.com.mx\/wp-content\/uploads\/2026\/04\/260428-calor-intenso-1.jpg?ssl=1&w=240&resize=240&ssl=1 240w, https:\/\/i1.wp.com\/www.interaccionnoticias.com.mx\/wp-content\/uploads\/2026\/04\/260428-calor-intenso-1.jpg?ssl=1&w=320&resize=320&ssl=1 320w, https:\/\/i1.wp.com\/www.interaccionnoticias.com.mx\/wp-content\/uploads\/2026\/04\/260428-calor-intenso-1.jpg?ssl=1&w=500&resize=500&ssl=1 500w, https:\/\/i1.wp.com\/www.interaccionnoticias.com.mx\/wp-content\/uploads\/2026\/04\/260428-calor-intenso-1.jpg?ssl=1&w=640&resize=640&ssl=1 640w, https:\/\/i1.wp.com\/www.interaccionnoticias.com.mx\/wp-content\/uploads\/2026\/04\/260428-calor-intenso-1.jpg?ssl=1&w=800&resize=800&ssl=1 800w, https:\/\/i1.wp.com\/www.interaccionnoticias.com.mx\/wp-content\/uploads\/2026\/04\/260428-calor-intenso-1.jpg?ssl=1&w=1024&resize=1024&ssl=1 1024w, https:\/\/i1.wp.com\/www.interaccionnoticias.com.mx\/wp-content\/uploads\/2026\/04\/260428-calor-intenso-1.jpg?ssl=1&w=1280&resize=1280&ssl=1 1280w, https:\/\/i1.wp.com\/www.interaccionnoticias.com.mx\/wp-content\/uploads\/2026\/04\/260428-calor-intenso-1.jpg?ssl=1&w=1600&resize=1600&ssl=1 1600w\" fifu-data-src=\"https:\/\/i1.wp.com\/www.interaccionnoticias.com.mx\/wp-content\/uploads\/2026\/04\/260428-calor-intenso-1.jpg?ssl=1\" alt=\"\" class=\"wp-image-102560\"\/><\/figure>\n","protected":false},"excerpt":{"rendered":"<p>&#8212; Algunos municipios presentan temperaturas mayores a 41 grados Rosario Garc\u00eda Orozco Guerrero enfrentar\u00e1 por lo menos dos semanas m\u00e1s de intenso calor debido a un sistema anticicl\u00f3nico que eleva&hellip; <\/p>\n","protected":false},"author":14,"featured_media":102562,"comment_status":"open","ping_status":"open","sticky":false,"template":"","format":"standard","meta":{"fifu_image_url":"https:\/\/www.interaccionnoticias.com.mx\/wp-content\/uploads\/2026\/04\/260428-calor-intenso-2.jpg","fifu_image_alt":"","footnotes":""},"categories":[9],"tags":[],"class_list":["post-102558","post","type-post","status-publish","format-standard","has-post-thumbnail","hentry","category-fenomenos-naturales"],"_links":{"self":[{"href":"https:\/\/www.interaccionnoticias.com.mx\/index.php?rest_route=\/wp\/v2\/posts\/102558","targetHints":{"allow":["GET"]}}],"collection":[{"href":"https:\/\/www.interaccionnoticias.com.mx\/index.php?rest_route=\/wp\/v2\/posts"}],"about":[{"href":"https:\/\/www.interaccionnoticias.com.mx\/index.php?rest_route=\/wp\/v2\/types\/post"}],"author":[{"embeddable":true,"href":"https:\/\/www.interaccionnoticias.com.mx\/index.php?rest_route=\/wp\/v2\/users\/14"}],"replies":[{"embeddable":true,"href":"https:\/\/www.interaccionnoticias.com.mx\/index.php?rest_route=%2Fwp%2Fv2%2Fcomments&post=102558"}],"version-history":[{"count":1,"href":"https:\/\/www.interaccionnoticias.com.mx\/index.php?rest_route=\/wp\/v2\/posts\/102558\/revisions"}],"predecessor-version":[{"id":102561,"href":"https:\/\/www.interaccionnoticias.com.mx\/index.php?rest_route=\/wp\/v2\/posts\/102558\/revisions\/102561"}],"wp:featuredmedia":[{"embeddable":true,"href":"https:\/\/www.interaccionnoticias.com.mx\/index.php?rest_route=\/wp\/v2\/media\/102562"}],"wp:attachment":[{"href":"https:\/\/www.interaccionnoticias.com.mx\/index.php?rest_route=%2Fwp%2Fv2%2Fmedia&parent=102558"}],"wp:term":[{"taxonomy":"category","embeddable":true,"href":"https:\/\/www.interaccionnoticias.com.mx\/index.php?rest_route=%2Fwp%2Fv2%2Fcategories&post=102558"},{"taxonomy":"post_tag","embeddable":true,"href":"https:\/\/www.interaccionnoticias.com.mx\/index.php?rest_route=%2Fwp%2Fv2%2Ftags&post=102558"}],"curies":[{"name":"wp","href":"https:\/\/api.w.org\/{rel}","templated":true}]}}