{"id":102548,"date":"2026-04-28T13:45:12","date_gmt":"2026-04-28T19:45:12","guid":{"rendered":"https:\/\/www.interaccionnoticias.com.mx\/?p=102548"},"modified":"2026-04-28T13:45:13","modified_gmt":"2026-04-28T19:45:13","slug":"maestros-de-secundaria-de-copalillo-protestan-en-palacio-de-gobierno","status":"publish","type":"post","link":"https:\/\/www.interaccionnoticias.com.mx\/?p=102548","title":{"rendered":"Maestros de secundaria de Copalillo protestan en Palacio de Gobierno"},"content":{"rendered":"\n<p><em><strong>&#8212; Unos 70 docentes demandan certeza laboral y acusan irregularidades en la asignaci\u00f3n de plazas y horas<\/strong><\/em><\/p>\n\n\n\n<p><strong>Interacci\u00f3n Noticias<\/strong><\/p>\n\n\n\n<p>Alrededor de 70 maestros de la Escuela Secundaria T\u00e9cnica n\u00famero 57 del municipio de Copalillo marcharon y protestaron este martes al exterior del Palacio de Gobierno, en Chilpancingo, para exigir la entrega de nombramientos y certeza en sus procesos laborales.<\/p>\n\n\n\n<p>Los docentes se\u00f1alaron irregularidades en la asignaci\u00f3n de plazas y horas, al denunciar que no han sido considerados pese a haber participado en los procesos correspondientes.<\/p>\n\n\n\n<p>Durante la protesta, acusaron ineficiencia por parte del \u00e1rea de Registro y Control de Plazas de la Secretar\u00eda de Educaci\u00f3n Guerrero (SEG), lo que aseguraron ha generado incertidumbre entre el magisterio.<\/p>\n\n\n\n<p>\u201cLejos de dar certeza a los compa\u00f1eros, los est\u00e1n metiendo en la incertidumbre de si habr\u00e1 o no un beneficio, aun cuando ya participaron en un proceso\u201d, reclamaron.<\/p>\n\n\n\n<p>Indicaron que m\u00e1s de 36 maestros no aparecen en ninguna lista de asignaci\u00f3n, mientras que en total ser\u00edan m\u00e1s de 100 docentes afectados, adem\u00e1s de se\u00f1alar que \u00fanicamente se han entregado cerca de 500 horas, de m\u00e1s de mil 300 que est\u00e1n disponibles.<\/p>\n\n\n\n<p>Los inconformes tambi\u00e9n denunciaron presuntas irregularidades, al se\u00f1alar que se han otorgado horas a docentes que no participaron en los procesos.<\/p>\n\n\n\n<figure class=\"wp-block-gallery has-nested-images columns-default is-cropped wp-block-gallery-1 is-layout-flex wp-block-gallery-is-layout-flex\">\n<figure class=\"wp-block-image size-large\"><img decoding=\"async\" src=\"data:image\/gif;base64,R0lGODlhAQABAIAAAAAAAP\/\/\/ywAAAAAAQABAAACAUwAOw==\" fifu-lazy=\"1\" fifu-data-sizes=\"auto\" fifu-data-srcset=\"https:\/\/i1.wp.com\/www.interaccionnoticias.com.mx\/wp-content\/uploads\/2026\/04\/260428-secundaria-de-Copalillo-2.jpg?ssl=1&w=75&resize=75&ssl=1 75w, https:\/\/i1.wp.com\/www.interaccionnoticias.com.mx\/wp-content\/uploads\/2026\/04\/260428-secundaria-de-Copalillo-2.jpg?ssl=1&w=100&resize=100&ssl=1 100w, https:\/\/i1.wp.com\/www.interaccionnoticias.com.mx\/wp-content\/uploads\/2026\/04\/260428-secundaria-de-Copalillo-2.jpg?ssl=1&w=150&resize=150&ssl=1 150w, https:\/\/i1.wp.com\/www.interaccionnoticias.com.mx\/wp-content\/uploads\/2026\/04\/260428-secundaria-de-Copalillo-2.jpg?ssl=1&w=240&resize=240&ssl=1 240w, https:\/\/i1.wp.com\/www.interaccionnoticias.com.mx\/wp-content\/uploads\/2026\/04\/260428-secundaria-de-Copalillo-2.jpg?ssl=1&w=320&resize=320&ssl=1 320w, https:\/\/i1.wp.com\/www.interaccionnoticias.com.mx\/wp-content\/uploads\/2026\/04\/260428-secundaria-de-Copalillo-2.jpg?ssl=1&w=500&resize=500&ssl=1 500w, https:\/\/i1.wp.com\/www.interaccionnoticias.com.mx\/wp-content\/uploads\/2026\/04\/260428-secundaria-de-Copalillo-2.jpg?ssl=1&w=640&resize=640&ssl=1 640w, https:\/\/i1.wp.com\/www.interaccionnoticias.com.mx\/wp-content\/uploads\/2026\/04\/260428-secundaria-de-Copalillo-2.jpg?ssl=1&w=800&resize=800&ssl=1 800w, https:\/\/i1.wp.com\/www.interaccionnoticias.com.mx\/wp-content\/uploads\/2026\/04\/260428-secundaria-de-Copalillo-2.jpg?ssl=1&w=1024&resize=1024&ssl=1 1024w, https:\/\/i1.wp.com\/www.interaccionnoticias.com.mx\/wp-content\/uploads\/2026\/04\/260428-secundaria-de-Copalillo-2.jpg?ssl=1&w=1280&resize=1280&ssl=1 1280w, https:\/\/i1.wp.com\/www.interaccionnoticias.com.mx\/wp-content\/uploads\/2026\/04\/260428-secundaria-de-Copalillo-2.jpg?ssl=1&w=1600&resize=1600&ssl=1 1600w\" data-id=\"102549\" fifu-data-src=\"https:\/\/i1.wp.com\/www.interaccionnoticias.com.mx\/wp-content\/uploads\/2026\/04\/260428-secundaria-de-Copalillo-2.jpg?ssl=1\" alt=\"\" class=\"wp-image-102549\"\/><\/figure>\n\n\n\n<figure class=\"wp-block-image size-large\"><img decoding=\"async\" src=\"data:image\/gif;base64,R0lGODlhAQABAIAAAAAAAP\/\/\/ywAAAAAAQABAAACAUwAOw==\" fifu-lazy=\"1\" fifu-data-sizes=\"auto\" fifu-data-srcset=\"https:\/\/i1.wp.com\/www.interaccionnoticias.com.mx\/wp-content\/uploads\/2026\/04\/260428-secundaria-de-Copalillo-1.jpg?ssl=1&w=75&resize=75&ssl=1 75w, https:\/\/i1.wp.com\/www.interaccionnoticias.com.mx\/wp-content\/uploads\/2026\/04\/260428-secundaria-de-Copalillo-1.jpg?ssl=1&w=100&resize=100&ssl=1 100w, https:\/\/i1.wp.com\/www.interaccionnoticias.com.mx\/wp-content\/uploads\/2026\/04\/260428-secundaria-de-Copalillo-1.jpg?ssl=1&w=150&resize=150&ssl=1 150w, https:\/\/i1.wp.com\/www.interaccionnoticias.com.mx\/wp-content\/uploads\/2026\/04\/260428-secundaria-de-Copalillo-1.jpg?ssl=1&w=240&resize=240&ssl=1 240w, https:\/\/i1.wp.com\/www.interaccionnoticias.com.mx\/wp-content\/uploads\/2026\/04\/260428-secundaria-de-Copalillo-1.jpg?ssl=1&w=320&resize=320&ssl=1 320w, https:\/\/i1.wp.com\/www.interaccionnoticias.com.mx\/wp-content\/uploads\/2026\/04\/260428-secundaria-de-Copalillo-1.jpg?ssl=1&w=500&resize=500&ssl=1 500w, https:\/\/i1.wp.com\/www.interaccionnoticias.com.mx\/wp-content\/uploads\/2026\/04\/260428-secundaria-de-Copalillo-1.jpg?ssl=1&w=640&resize=640&ssl=1 640w, https:\/\/i1.wp.com\/www.interaccionnoticias.com.mx\/wp-content\/uploads\/2026\/04\/260428-secundaria-de-Copalillo-1.jpg?ssl=1&w=800&resize=800&ssl=1 800w, https:\/\/i1.wp.com\/www.interaccionnoticias.com.mx\/wp-content\/uploads\/2026\/04\/260428-secundaria-de-Copalillo-1.jpg?ssl=1&w=1024&resize=1024&ssl=1 1024w, https:\/\/i1.wp.com\/www.interaccionnoticias.com.mx\/wp-content\/uploads\/2026\/04\/260428-secundaria-de-Copalillo-1.jpg?ssl=1&w=1280&resize=1280&ssl=1 1280w, https:\/\/i1.wp.com\/www.interaccionnoticias.com.mx\/wp-content\/uploads\/2026\/04\/260428-secundaria-de-Copalillo-1.jpg?ssl=1&w=1600&resize=1600&ssl=1 1600w\" data-id=\"102550\" fifu-data-src=\"https:\/\/i1.wp.com\/www.interaccionnoticias.com.mx\/wp-content\/uploads\/2026\/04\/260428-secundaria-de-Copalillo-1.jpg?ssl=1\" alt=\"\" class=\"wp-image-102550\"\/><\/figure>\n<\/figure>\n","protected":false},"excerpt":{"rendered":"<p>&#8212; Unos 70 docentes demandan certeza laboral y acusan irregularidades en la asignaci\u00f3n de plazas y horas Interacci\u00f3n Noticias Alrededor de 70 maestros de la Escuela Secundaria T\u00e9cnica n\u00famero 57&hellip; <\/p>\n","protected":false},"author":19,"featured_media":102552,"comment_status":"open","ping_status":"open","sticky":false,"template":"","format":"standard","meta":{"fifu_image_url":"https:\/\/www.interaccionnoticias.com.mx\/wp-content\/uploads\/2026\/04\/260428-secundaria-de-Copalillo-1.jpg","fifu_image_alt":"","footnotes":""},"categories":[6],"tags":[],"class_list":["post-102548","post","type-post","status-publish","format-standard","has-post-thumbnail","hentry","category-educacion"],"_links":{"self":[{"href":"https:\/\/www.interaccionnoticias.com.mx\/index.php?rest_route=\/wp\/v2\/posts\/102548","targetHints":{"allow":["GET"]}}],"collection":[{"href":"https:\/\/www.interaccionnoticias.com.mx\/index.php?rest_route=\/wp\/v2\/posts"}],"about":[{"href":"https:\/\/www.interaccionnoticias.com.mx\/index.php?rest_route=\/wp\/v2\/types\/post"}],"author":[{"embeddable":true,"href":"https:\/\/www.interaccionnoticias.com.mx\/index.php?rest_route=\/wp\/v2\/users\/19"}],"replies":[{"embeddable":true,"href":"https:\/\/www.interaccionnoticias.com.mx\/index.php?rest_route=%2Fwp%2Fv2%2Fcomments&post=102548"}],"version-history":[{"count":1,"href":"https:\/\/www.interaccionnoticias.com.mx\/index.php?rest_route=\/wp\/v2\/posts\/102548\/revisions"}],"predecessor-version":[{"id":102551,"href":"https:\/\/www.interaccionnoticias.com.mx\/index.php?rest_route=\/wp\/v2\/posts\/102548\/revisions\/102551"}],"wp:featuredmedia":[{"embeddable":true,"href":"https:\/\/www.interaccionnoticias.com.mx\/index.php?rest_route=\/wp\/v2\/media\/102552"}],"wp:attachment":[{"href":"https:\/\/www.interaccionnoticias.com.mx\/index.php?rest_route=%2Fwp%2Fv2%2Fmedia&parent=102548"}],"wp:term":[{"taxonomy":"category","embeddable":true,"href":"https:\/\/www.interaccionnoticias.com.mx\/index.php?rest_route=%2Fwp%2Fv2%2Fcategories&post=102548"},{"taxonomy":"post_tag","embeddable":true,"href":"https:\/\/www.interaccionnoticias.com.mx\/index.php?rest_route=%2Fwp%2Fv2%2Ftags&post=102548"}],"curies":[{"name":"wp","href":"https:\/\/api.w.org\/{rel}","templated":true}]}}