{"id":102543,"date":"2026-04-28T13:03:38","date_gmt":"2026-04-28T19:03:38","guid":{"rendered":"https:\/\/www.interaccionnoticias.com.mx\/?p=102543"},"modified":"2026-04-28T13:03:40","modified_gmt":"2026-04-28T19:03:40","slug":"pobladores-de-tierra-colorada-exigen-liberacion-de-daniel-rosas-y-mesa-de-dialogo-con-autoridades","status":"publish","type":"post","link":"https:\/\/www.interaccionnoticias.com.mx\/?p=102543","title":{"rendered":"Pobladores de Tierra Colorada exigen liberaci\u00f3n de Daniel Rosas y mesa de di\u00e1logo con autoridades"},"content":{"rendered":"\n<p><em><strong>Comisarios y habitantes respaldan paro de transportistas<\/strong><\/em><\/p>\n\n\n\n<p><strong>Interacci\u00f3n Noticias<\/strong><\/p>\n\n\n\n<p>Comisarios y comisariados ejidales de comunidades del municipio de Juan R. Escudero, exigen la liberaci\u00f3n del abogado y l\u00edder social Daniel Rosas Mart\u00ednez, as\u00ed como la instalaci\u00f3n de una mesa de trabajo con autoridades de los tres niveles de gobierno.<\/p>\n\n\n\n<p>Este martes en la cabecera municipal del referido municipio, Nancy Chabelas Arredondo, se\u00f1al\u00f3 que la movilizaci\u00f3n responde a la detenci\u00f3n de Rosas Mart\u00ednez.<\/p>\n\n\n\n<p>\u201cExigimos la liberaci\u00f3n de nuestro compa\u00f1ero, el licenciado Daniel Rosas Mart\u00ednez, porque por alzar la voz en nombre de los pueblos hoy se encuentra encarcelado\u201d, expres\u00f3.<\/p>\n\n\n\n<p>Denunci\u00f3 que tras su detenci\u00f3n, diversos proyectos gestionados ante el gobierno estatal han quedado paralizados, lo que ha afectado directamente a las comunidades de la regi\u00f3n.<\/p>\n\n\n\n<p>\u201cHab\u00eda proyectos que ya estaban autorizados y hoy est\u00e1n detenidos, pr\u00e1cticamente tirados a la basura\u201d, denunci\u00f3.<\/p>\n\n\n\n<p>La representante tambi\u00e9n acus\u00f3 que las autoridades no han dado respuesta a las demandas sociales, por lo que se vieron a la necesidad de concentrarse y respaldar tambi\u00e9n el paro de los transportistas que inici\u00f3 este d\u00eda.<\/p>\n\n\n\n<figure class=\"wp-block-gallery has-nested-images columns-default is-cropped wp-block-gallery-1 is-layout-flex wp-block-gallery-is-layout-flex\">\n<figure class=\"wp-block-image size-large\"><img decoding=\"async\" src=\"data:image\/gif;base64,R0lGODlhAQABAIAAAAAAAP\/\/\/ywAAAAAAQABAAACAUwAOw==\" fifu-lazy=\"1\" fifu-data-sizes=\"auto\" fifu-data-srcset=\"https:\/\/i2.wp.com\/www.interaccionnoticias.com.mx\/wp-content\/uploads\/2026\/04\/260428-Tierra-Colorada-2.jpg?ssl=1&w=75&resize=75&ssl=1 75w, https:\/\/i2.wp.com\/www.interaccionnoticias.com.mx\/wp-content\/uploads\/2026\/04\/260428-Tierra-Colorada-2.jpg?ssl=1&w=100&resize=100&ssl=1 100w, https:\/\/i2.wp.com\/www.interaccionnoticias.com.mx\/wp-content\/uploads\/2026\/04\/260428-Tierra-Colorada-2.jpg?ssl=1&w=150&resize=150&ssl=1 150w, https:\/\/i2.wp.com\/www.interaccionnoticias.com.mx\/wp-content\/uploads\/2026\/04\/260428-Tierra-Colorada-2.jpg?ssl=1&w=240&resize=240&ssl=1 240w, https:\/\/i2.wp.com\/www.interaccionnoticias.com.mx\/wp-content\/uploads\/2026\/04\/260428-Tierra-Colorada-2.jpg?ssl=1&w=320&resize=320&ssl=1 320w, https:\/\/i2.wp.com\/www.interaccionnoticias.com.mx\/wp-content\/uploads\/2026\/04\/260428-Tierra-Colorada-2.jpg?ssl=1&w=500&resize=500&ssl=1 500w, https:\/\/i2.wp.com\/www.interaccionnoticias.com.mx\/wp-content\/uploads\/2026\/04\/260428-Tierra-Colorada-2.jpg?ssl=1&w=640&resize=640&ssl=1 640w, https:\/\/i2.wp.com\/www.interaccionnoticias.com.mx\/wp-content\/uploads\/2026\/04\/260428-Tierra-Colorada-2.jpg?ssl=1&w=800&resize=800&ssl=1 800w, https:\/\/i2.wp.com\/www.interaccionnoticias.com.mx\/wp-content\/uploads\/2026\/04\/260428-Tierra-Colorada-2.jpg?ssl=1&w=1024&resize=1024&ssl=1 1024w, https:\/\/i2.wp.com\/www.interaccionnoticias.com.mx\/wp-content\/uploads\/2026\/04\/260428-Tierra-Colorada-2.jpg?ssl=1&w=1280&resize=1280&ssl=1 1280w, https:\/\/i2.wp.com\/www.interaccionnoticias.com.mx\/wp-content\/uploads\/2026\/04\/260428-Tierra-Colorada-2.jpg?ssl=1&w=1600&resize=1600&ssl=1 1600w\" data-id=\"102544\" fifu-data-src=\"https:\/\/i2.wp.com\/www.interaccionnoticias.com.mx\/wp-content\/uploads\/2026\/04\/260428-Tierra-Colorada-2.jpg?ssl=1\" alt=\"\" class=\"wp-image-102544\"\/><\/figure>\n<\/figure>\n\n\n\n<figure class=\"wp-block-image size-large\"><img decoding=\"async\" src=\"data:image\/gif;base64,R0lGODlhAQABAIAAAAAAAP\/\/\/ywAAAAAAQABAAACAUwAOw==\" fifu-lazy=\"1\" fifu-data-sizes=\"auto\" fifu-data-srcset=\"https:\/\/i2.wp.com\/www.interaccionnoticias.com.mx\/wp-content\/uploads\/2026\/04\/260428-Tierra-Colorada-1.jpg?ssl=1&w=75&resize=75&ssl=1 75w, https:\/\/i2.wp.com\/www.interaccionnoticias.com.mx\/wp-content\/uploads\/2026\/04\/260428-Tierra-Colorada-1.jpg?ssl=1&w=100&resize=100&ssl=1 100w, https:\/\/i2.wp.com\/www.interaccionnoticias.com.mx\/wp-content\/uploads\/2026\/04\/260428-Tierra-Colorada-1.jpg?ssl=1&w=150&resize=150&ssl=1 150w, https:\/\/i2.wp.com\/www.interaccionnoticias.com.mx\/wp-content\/uploads\/2026\/04\/260428-Tierra-Colorada-1.jpg?ssl=1&w=240&resize=240&ssl=1 240w, https:\/\/i2.wp.com\/www.interaccionnoticias.com.mx\/wp-content\/uploads\/2026\/04\/260428-Tierra-Colorada-1.jpg?ssl=1&w=320&resize=320&ssl=1 320w, https:\/\/i2.wp.com\/www.interaccionnoticias.com.mx\/wp-content\/uploads\/2026\/04\/260428-Tierra-Colorada-1.jpg?ssl=1&w=500&resize=500&ssl=1 500w, https:\/\/i2.wp.com\/www.interaccionnoticias.com.mx\/wp-content\/uploads\/2026\/04\/260428-Tierra-Colorada-1.jpg?ssl=1&w=640&resize=640&ssl=1 640w, https:\/\/i2.wp.com\/www.interaccionnoticias.com.mx\/wp-content\/uploads\/2026\/04\/260428-Tierra-Colorada-1.jpg?ssl=1&w=800&resize=800&ssl=1 800w, https:\/\/i2.wp.com\/www.interaccionnoticias.com.mx\/wp-content\/uploads\/2026\/04\/260428-Tierra-Colorada-1.jpg?ssl=1&w=1024&resize=1024&ssl=1 1024w, https:\/\/i2.wp.com\/www.interaccionnoticias.com.mx\/wp-content\/uploads\/2026\/04\/260428-Tierra-Colorada-1.jpg?ssl=1&w=1280&resize=1280&ssl=1 1280w, https:\/\/i2.wp.com\/www.interaccionnoticias.com.mx\/wp-content\/uploads\/2026\/04\/260428-Tierra-Colorada-1.jpg?ssl=1&w=1600&resize=1600&ssl=1 1600w\" fifu-data-src=\"https:\/\/i2.wp.com\/www.interaccionnoticias.com.mx\/wp-content\/uploads\/2026\/04\/260428-Tierra-Colorada-1.jpg?ssl=1\" alt=\"\" class=\"wp-image-102545\"\/><\/figure>\n","protected":false},"excerpt":{"rendered":"<p>Comisarios y habitantes respaldan paro de transportistas Interacci\u00f3n Noticias Comisarios y comisariados ejidales de comunidades del municipio de Juan R. Escudero, exigen la liberaci\u00f3n del abogado y l\u00edder social Daniel&hellip; <\/p>\n","protected":false},"author":19,"featured_media":102547,"comment_status":"open","ping_status":"open","sticky":false,"template":"","format":"standard","meta":{"fifu_image_url":"https:\/\/www.interaccionnoticias.com.mx\/wp-content\/uploads\/2026\/04\/260428-Tierra-Colorada-1.jpg","fifu_image_alt":"","footnotes":""},"categories":[23],"tags":[],"class_list":["post-102543","post","type-post","status-publish","format-standard","has-post-thumbnail","hentry","category-regionales"],"_links":{"self":[{"href":"https:\/\/www.interaccionnoticias.com.mx\/index.php?rest_route=\/wp\/v2\/posts\/102543","targetHints":{"allow":["GET"]}}],"collection":[{"href":"https:\/\/www.interaccionnoticias.com.mx\/index.php?rest_route=\/wp\/v2\/posts"}],"about":[{"href":"https:\/\/www.interaccionnoticias.com.mx\/index.php?rest_route=\/wp\/v2\/types\/post"}],"author":[{"embeddable":true,"href":"https:\/\/www.interaccionnoticias.com.mx\/index.php?rest_route=\/wp\/v2\/users\/19"}],"replies":[{"embeddable":true,"href":"https:\/\/www.interaccionnoticias.com.mx\/index.php?rest_route=%2Fwp%2Fv2%2Fcomments&post=102543"}],"version-history":[{"count":1,"href":"https:\/\/www.interaccionnoticias.com.mx\/index.php?rest_route=\/wp\/v2\/posts\/102543\/revisions"}],"predecessor-version":[{"id":102546,"href":"https:\/\/www.interaccionnoticias.com.mx\/index.php?rest_route=\/wp\/v2\/posts\/102543\/revisions\/102546"}],"wp:featuredmedia":[{"embeddable":true,"href":"https:\/\/www.interaccionnoticias.com.mx\/index.php?rest_route=\/wp\/v2\/media\/102547"}],"wp:attachment":[{"href":"https:\/\/www.interaccionnoticias.com.mx\/index.php?rest_route=%2Fwp%2Fv2%2Fmedia&parent=102543"}],"wp:term":[{"taxonomy":"category","embeddable":true,"href":"https:\/\/www.interaccionnoticias.com.mx\/index.php?rest_route=%2Fwp%2Fv2%2Fcategories&post=102543"},{"taxonomy":"post_tag","embeddable":true,"href":"https:\/\/www.interaccionnoticias.com.mx\/index.php?rest_route=%2Fwp%2Fv2%2Ftags&post=102543"}],"curies":[{"name":"wp","href":"https:\/\/api.w.org\/{rel}","templated":true}]}}