{"id":102539,"date":"2026-04-28T12:56:54","date_gmt":"2026-04-28T18:56:54","guid":{"rendered":"https:\/\/www.interaccionnoticias.com.mx\/?p=102539"},"modified":"2026-04-28T12:56:55","modified_gmt":"2026-04-28T18:56:55","slug":"asaltan-a-periodista-en-el-centro-de-chilpancingo","status":"publish","type":"post","link":"https:\/\/www.interaccionnoticias.com.mx\/?p=102539","title":{"rendered":"Asaltan a periodista en el centro de Chilpancingo"},"content":{"rendered":"\n<p><em><strong>&#8212; Denuncia falta de vigilancia y alumbrado p\u00fablico<\/strong><\/em><\/p>\n\n\n\n<p>Interacci\u00f3n Noticias <\/p>\n\n\n\n<p>El periodista de Chilpancingo, Pablo Israel V\u00e1zquez Sosa denunci\u00f3 que fue v\u00edctima de un asalto en la calle Francisco I. Madero, en pleno centro de esta capital, sin que pudiera encontrar a ning\u00fan polic\u00eda a quien pedirle ayuda.<\/p>\n\n\n\n<p>El comunicador mencion\u00f3 que ven\u00eda saliendo alrededor de las 12:30 de la noche del peri\u00f3dico V\u00e9rtice, donde se desempe\u00f1a como jefe de informaci\u00f3n, cuando fue interceptado por dos j\u00f3venes de complexi\u00f3n delgada quienes le quitaron su cartera.<\/p>\n\n\n\n<p>Refiri\u00f3 en una transmisi\u00f3n que cuando se le acercaron \u00e9l les coment\u00f3 que era reportero y solo le quitaron la cartera.<\/p>\n\n\n\n<p>Dijo que en su mochila tra\u00eda el equipo que utiliza para su trabajo, por lo que refiri\u00f3: \u201chasta suerte tuve, si se puede decir as\u00ed\u201d, ya que solo se llevaron su cartera.<\/p>\n\n\n\n<p>Mencion\u00f3 que tras el asalto busc\u00f3 en la plaza c\u00edvica, el acceso al ayuntamiento y calles aleda\u00f1as a alg\u00fan polic\u00eda, pero no encontr\u00f3 a ninguno.<\/p>\n\n\n\n<p>Se quej\u00f3 tambi\u00e9n porque calles como Madero se encuentran en completa oscuridad y por eso es m\u00e1s posible sufrir asaltos o hasta una mayor agresi\u00f3n, sin que haya elementos de seguridad que puedan cuidar de la poblaci\u00f3n.<\/p>\n\n\n\n<p>Es el segundo periodista asaltado en una semana, el primero fue en Atoyac, el corresponsal de el Sur, Francisco Maga\u00f1a, por lo que en grupos de watsapp de comunicadores lamentaron que no haya seguridad en las ciudades guerrerenses.<\/p>\n","protected":false},"excerpt":{"rendered":"<p>&#8212; Denuncia falta de vigilancia y alumbrado p\u00fablico Interacci\u00f3n Noticias El periodista de Chilpancingo, Pablo Israel V\u00e1zquez Sosa denunci\u00f3 que fue v\u00edctima de un asalto en la calle Francisco I.&hellip; <\/p>\n","protected":false},"author":19,"featured_media":102542,"comment_status":"open","ping_status":"open","sticky":false,"template":"","format":"standard","meta":{"fifu_image_url":"https:\/\/www.interaccionnoticias.com.mx\/wp-content\/uploads\/2026\/04\/260428-Pablo-Israel-Vazquez-Sosa.jpg","fifu_image_alt":"","footnotes":""},"categories":[27],"tags":[],"class_list":["post-102539","post","type-post","status-publish","format-standard","has-post-thumbnail","hentry","category-seguridad-publica"],"_links":{"self":[{"href":"https:\/\/www.interaccionnoticias.com.mx\/index.php?rest_route=\/wp\/v2\/posts\/102539","targetHints":{"allow":["GET"]}}],"collection":[{"href":"https:\/\/www.interaccionnoticias.com.mx\/index.php?rest_route=\/wp\/v2\/posts"}],"about":[{"href":"https:\/\/www.interaccionnoticias.com.mx\/index.php?rest_route=\/wp\/v2\/types\/post"}],"author":[{"embeddable":true,"href":"https:\/\/www.interaccionnoticias.com.mx\/index.php?rest_route=\/wp\/v2\/users\/19"}],"replies":[{"embeddable":true,"href":"https:\/\/www.interaccionnoticias.com.mx\/index.php?rest_route=%2Fwp%2Fv2%2Fcomments&post=102539"}],"version-history":[{"count":1,"href":"https:\/\/www.interaccionnoticias.com.mx\/index.php?rest_route=\/wp\/v2\/posts\/102539\/revisions"}],"predecessor-version":[{"id":102541,"href":"https:\/\/www.interaccionnoticias.com.mx\/index.php?rest_route=\/wp\/v2\/posts\/102539\/revisions\/102541"}],"wp:featuredmedia":[{"embeddable":true,"href":"https:\/\/www.interaccionnoticias.com.mx\/index.php?rest_route=\/wp\/v2\/media\/102542"}],"wp:attachment":[{"href":"https:\/\/www.interaccionnoticias.com.mx\/index.php?rest_route=%2Fwp%2Fv2%2Fmedia&parent=102539"}],"wp:term":[{"taxonomy":"category","embeddable":true,"href":"https:\/\/www.interaccionnoticias.com.mx\/index.php?rest_route=%2Fwp%2Fv2%2Fcategories&post=102539"},{"taxonomy":"post_tag","embeddable":true,"href":"https:\/\/www.interaccionnoticias.com.mx\/index.php?rest_route=%2Fwp%2Fv2%2Ftags&post=102539"}],"curies":[{"name":"wp","href":"https:\/\/api.w.org\/{rel}","templated":true}]}}