{"id":102534,"date":"2026-04-28T12:10:43","date_gmt":"2026-04-28T18:10:43","guid":{"rendered":"https:\/\/www.interaccionnoticias.com.mx\/?p=102534"},"modified":"2026-04-28T12:10:44","modified_gmt":"2026-04-28T18:10:44","slug":"transportistas-del-valle-del-ocotito-y-tierra-colorada-paran-labores","status":"publish","type":"post","link":"https:\/\/www.interaccionnoticias.com.mx\/?p=102534","title":{"rendered":"Transportistas del Valle del Ocotito y Tierra Colorada paran labores"},"content":{"rendered":"\n<p><em><strong>&#8212; Suspenden el servicio y advierten posibles bloqueos en la Autopista del Sol<\/strong><\/em><\/p>\n\n\n\n<p><strong>Interacci\u00f3n Noticias<\/strong><\/p>\n\n\n\n<p>Este martes, transportistas de las rutas del Valle del Ocotito y Tierra Colorada suspendieron labores para exigir una mesa de trabajo con autoridades del estado.<\/p>\n\n\n\n<p>Desde el lunes informaron a trav\u00e9s de redes sociales sobre la suspensi\u00f3n del servicio, por lo que este d\u00eda las bases de dichas rutas del transporte p\u00fablico se observaron completamente vac\u00edas.<\/p>\n\n\n\n<p>En el municipio de Juan R. Escudero, cuya cabecera municipal es Tierra Colorada, los transportistas se concentraron en una reuni\u00f3n para demandar la presencia de representantes del Gobierno del Estado, a fin de atender sus demandas o, de lo contrario, realizar alg\u00fan bloqueo en la Autopista del Sol a la altura de ese municipio.<\/p>\n\n\n\n<p>Cabe destacar que hace m\u00e1s de un mes fue detenido el coordinador de comisarios de Juan R. Escudero, Tecoanapa y la zona rural de Acapulco, el abogado Daniel Rosas Mart\u00ednez.<\/p>\n\n\n\n<p>Quien en su momento tambi\u00e9n respald\u00f3 las exigencias de los transportistas de esa regi\u00f3n. Recientemente se han registrado m\u00e1s detenciones por parte de autoridades en la zona, lo que se presume podr\u00eda estar relacionado con el paro del transporte.<\/p>\n\n\n\n<p>Hasta el momento, la administraci\u00f3n de la gobernadora Evelyn Salgado Pineda no ha enviado ning\u00fan mediador ni ha informado cu\u00e1l es la situaci\u00f3n respecto a la atenci\u00f3n que se brinda a los transportistas.<\/p>\n\n\n\n<figure class=\"wp-block-gallery has-nested-images columns-default is-cropped wp-block-gallery-1 is-layout-flex wp-block-gallery-is-layout-flex\">\n<figure class=\"wp-block-image size-large\"><img decoding=\"async\" src=\"data:image\/gif;base64,R0lGODlhAQABAIAAAAAAAP\/\/\/ywAAAAAAQABAAACAUwAOw==\" fifu-lazy=\"1\" fifu-data-sizes=\"auto\" fifu-data-srcset=\"https:\/\/i1.wp.com\/www.interaccionnoticias.com.mx\/wp-content\/uploads\/2026\/04\/260428-Transportistas-del-Valle-1.jpg?ssl=1&w=75&resize=75&ssl=1 75w, https:\/\/i1.wp.com\/www.interaccionnoticias.com.mx\/wp-content\/uploads\/2026\/04\/260428-Transportistas-del-Valle-1.jpg?ssl=1&w=100&resize=100&ssl=1 100w, https:\/\/i1.wp.com\/www.interaccionnoticias.com.mx\/wp-content\/uploads\/2026\/04\/260428-Transportistas-del-Valle-1.jpg?ssl=1&w=150&resize=150&ssl=1 150w, https:\/\/i1.wp.com\/www.interaccionnoticias.com.mx\/wp-content\/uploads\/2026\/04\/260428-Transportistas-del-Valle-1.jpg?ssl=1&w=240&resize=240&ssl=1 240w, https:\/\/i1.wp.com\/www.interaccionnoticias.com.mx\/wp-content\/uploads\/2026\/04\/260428-Transportistas-del-Valle-1.jpg?ssl=1&w=320&resize=320&ssl=1 320w, https:\/\/i1.wp.com\/www.interaccionnoticias.com.mx\/wp-content\/uploads\/2026\/04\/260428-Transportistas-del-Valle-1.jpg?ssl=1&w=500&resize=500&ssl=1 500w, https:\/\/i1.wp.com\/www.interaccionnoticias.com.mx\/wp-content\/uploads\/2026\/04\/260428-Transportistas-del-Valle-1.jpg?ssl=1&w=640&resize=640&ssl=1 640w, https:\/\/i1.wp.com\/www.interaccionnoticias.com.mx\/wp-content\/uploads\/2026\/04\/260428-Transportistas-del-Valle-1.jpg?ssl=1&w=800&resize=800&ssl=1 800w, https:\/\/i1.wp.com\/www.interaccionnoticias.com.mx\/wp-content\/uploads\/2026\/04\/260428-Transportistas-del-Valle-1.jpg?ssl=1&w=1024&resize=1024&ssl=1 1024w, https:\/\/i1.wp.com\/www.interaccionnoticias.com.mx\/wp-content\/uploads\/2026\/04\/260428-Transportistas-del-Valle-1.jpg?ssl=1&w=1280&resize=1280&ssl=1 1280w, https:\/\/i1.wp.com\/www.interaccionnoticias.com.mx\/wp-content\/uploads\/2026\/04\/260428-Transportistas-del-Valle-1.jpg?ssl=1&w=1600&resize=1600&ssl=1 1600w\" data-id=\"102535\" fifu-data-src=\"https:\/\/i1.wp.com\/www.interaccionnoticias.com.mx\/wp-content\/uploads\/2026\/04\/260428-Transportistas-del-Valle-1.jpg?ssl=1\" alt=\"\" class=\"wp-image-102535\"\/><\/figure>\n\n\n\n<figure class=\"wp-block-image size-large\"><img decoding=\"async\" src=\"data:image\/gif;base64,R0lGODlhAQABAIAAAAAAAP\/\/\/ywAAAAAAQABAAACAUwAOw==\" fifu-lazy=\"1\" fifu-data-sizes=\"auto\" fifu-data-srcset=\"https:\/\/i1.wp.com\/www.interaccionnoticias.com.mx\/wp-content\/uploads\/2026\/04\/260428-Transportistas-del-Valle-2.jpg?ssl=1&w=75&resize=75&ssl=1 75w, https:\/\/i1.wp.com\/www.interaccionnoticias.com.mx\/wp-content\/uploads\/2026\/04\/260428-Transportistas-del-Valle-2.jpg?ssl=1&w=100&resize=100&ssl=1 100w, https:\/\/i1.wp.com\/www.interaccionnoticias.com.mx\/wp-content\/uploads\/2026\/04\/260428-Transportistas-del-Valle-2.jpg?ssl=1&w=150&resize=150&ssl=1 150w, https:\/\/i1.wp.com\/www.interaccionnoticias.com.mx\/wp-content\/uploads\/2026\/04\/260428-Transportistas-del-Valle-2.jpg?ssl=1&w=240&resize=240&ssl=1 240w, https:\/\/i1.wp.com\/www.interaccionnoticias.com.mx\/wp-content\/uploads\/2026\/04\/260428-Transportistas-del-Valle-2.jpg?ssl=1&w=320&resize=320&ssl=1 320w, https:\/\/i1.wp.com\/www.interaccionnoticias.com.mx\/wp-content\/uploads\/2026\/04\/260428-Transportistas-del-Valle-2.jpg?ssl=1&w=500&resize=500&ssl=1 500w, https:\/\/i1.wp.com\/www.interaccionnoticias.com.mx\/wp-content\/uploads\/2026\/04\/260428-Transportistas-del-Valle-2.jpg?ssl=1&w=640&resize=640&ssl=1 640w, https:\/\/i1.wp.com\/www.interaccionnoticias.com.mx\/wp-content\/uploads\/2026\/04\/260428-Transportistas-del-Valle-2.jpg?ssl=1&w=800&resize=800&ssl=1 800w, https:\/\/i1.wp.com\/www.interaccionnoticias.com.mx\/wp-content\/uploads\/2026\/04\/260428-Transportistas-del-Valle-2.jpg?ssl=1&w=1024&resize=1024&ssl=1 1024w, https:\/\/i1.wp.com\/www.interaccionnoticias.com.mx\/wp-content\/uploads\/2026\/04\/260428-Transportistas-del-Valle-2.jpg?ssl=1&w=1280&resize=1280&ssl=1 1280w, https:\/\/i1.wp.com\/www.interaccionnoticias.com.mx\/wp-content\/uploads\/2026\/04\/260428-Transportistas-del-Valle-2.jpg?ssl=1&w=1600&resize=1600&ssl=1 1600w\" data-id=\"102536\" fifu-data-src=\"https:\/\/i1.wp.com\/www.interaccionnoticias.com.mx\/wp-content\/uploads\/2026\/04\/260428-Transportistas-del-Valle-2.jpg?ssl=1\" alt=\"\" class=\"wp-image-102536\"\/><\/figure>\n<\/figure>\n","protected":false},"excerpt":{"rendered":"<p>&#8212; Suspenden el servicio y advierten posibles bloqueos en la Autopista del Sol Interacci\u00f3n Noticias Este martes, transportistas de las rutas del Valle del Ocotito y Tierra Colorada suspendieron labores&hellip; <\/p>\n","protected":false},"author":19,"featured_media":102538,"comment_status":"open","ping_status":"open","sticky":false,"template":"","format":"standard","meta":{"fifu_image_url":"https:\/\/www.interaccionnoticias.com.mx\/wp-content\/uploads\/2026\/04\/260428-Transportistas-del-Valle-1.jpg","fifu_image_alt":"","footnotes":""},"categories":[23],"tags":[],"class_list":["post-102534","post","type-post","status-publish","format-standard","has-post-thumbnail","hentry","category-regionales"],"_links":{"self":[{"href":"https:\/\/www.interaccionnoticias.com.mx\/index.php?rest_route=\/wp\/v2\/posts\/102534","targetHints":{"allow":["GET"]}}],"collection":[{"href":"https:\/\/www.interaccionnoticias.com.mx\/index.php?rest_route=\/wp\/v2\/posts"}],"about":[{"href":"https:\/\/www.interaccionnoticias.com.mx\/index.php?rest_route=\/wp\/v2\/types\/post"}],"author":[{"embeddable":true,"href":"https:\/\/www.interaccionnoticias.com.mx\/index.php?rest_route=\/wp\/v2\/users\/19"}],"replies":[{"embeddable":true,"href":"https:\/\/www.interaccionnoticias.com.mx\/index.php?rest_route=%2Fwp%2Fv2%2Fcomments&post=102534"}],"version-history":[{"count":1,"href":"https:\/\/www.interaccionnoticias.com.mx\/index.php?rest_route=\/wp\/v2\/posts\/102534\/revisions"}],"predecessor-version":[{"id":102537,"href":"https:\/\/www.interaccionnoticias.com.mx\/index.php?rest_route=\/wp\/v2\/posts\/102534\/revisions\/102537"}],"wp:featuredmedia":[{"embeddable":true,"href":"https:\/\/www.interaccionnoticias.com.mx\/index.php?rest_route=\/wp\/v2\/media\/102538"}],"wp:attachment":[{"href":"https:\/\/www.interaccionnoticias.com.mx\/index.php?rest_route=%2Fwp%2Fv2%2Fmedia&parent=102534"}],"wp:term":[{"taxonomy":"category","embeddable":true,"href":"https:\/\/www.interaccionnoticias.com.mx\/index.php?rest_route=%2Fwp%2Fv2%2Fcategories&post=102534"},{"taxonomy":"post_tag","embeddable":true,"href":"https:\/\/www.interaccionnoticias.com.mx\/index.php?rest_route=%2Fwp%2Fv2%2Ftags&post=102534"}],"curies":[{"name":"wp","href":"https:\/\/api.w.org\/{rel}","templated":true}]}}