{"id":102513,"date":"2026-04-28T11:15:56","date_gmt":"2026-04-28T17:15:56","guid":{"rendered":"https:\/\/www.interaccionnoticias.com.mx\/?p=102513"},"modified":"2026-04-28T11:15:57","modified_gmt":"2026-04-28T17:15:57","slug":"hay-estatutos-y-hay-constitucion-poitica-sostiene-felix-salgado-macedonio","status":"publish","type":"post","link":"https:\/\/www.interaccionnoticias.com.mx\/?p=102513","title":{"rendered":"\u201cHay estatutos y hay Constituci\u00f3n Po\u00edtica\u201d, sostiene F\u00e9lix Salgado Macedonio"},"content":{"rendered":"\n<p><strong><em>&#8212; Pide una convocatoria que se apegue a la Constituci\u00f3n, que no lleve dedicatoria y que sea abierta para todos<br>&#8212; Anticipa que recorrer\u00e1 el estado de Guerrero, aunque se malinterprete como una campa\u00f1a anticipada<\/em><\/strong><\/p>\n\n\n\n<p><strong>Rogelio Agust\u00edn<\/strong><\/p>\n\n\n\n<p>El senador F\u00e9lix Salgado Macedonio se pronunci\u00f3 a favor de que la convocatoria que emita la dirigencia nacional de MORENA, en el caso de la candidatura a gobernador \u201cse apegue a la Constituci\u00f3n, que no lleve dedicatoria y que sea abierta para todos\u201d.<\/p>\n\n\n\n<p>\u201cHay estatutos y hay convocatoria\u201d, manifest\u00f3 de camino a la Ciudad de M\u00e9xico, mientras manejaba al lado de su perro Aquiles.<\/p>\n\n\n\n<p>El senador Salgado Macedonio manifest\u00f3 que este martes y ma\u00f1ana mi\u00e9rcoles 29 de abril habr\u00e1 sesiones, lo que marcar\u00e1 el final del presente Periodo Ordinario, por lo que habr\u00e1 de tener una actividad constante.<\/p>\n\n\n\n<p>Anticip\u00f3 que durante los dos d\u00edas de trabajo que le restan a la c\u00e1mara alta habr\u00e1 debates muy interesantes, por lo que posteriormente estar\u00e1 pendiente de la sesi\u00f3n que habr\u00e1 de desarrollar el Consejo Nacional de MORENA.<\/p>\n\n\n\n<p>Anticip\u00f3 que entre los puntos a tratar se encuentra la reforma a un estatuto interno, aunque admiti\u00f3 que no se sabe de qu\u00e9 se trata.<\/p>\n\n\n\n<p>\u201cSe trata de una reforma que va a permitir darle certeza y legalidad a nuestros dirigentes nacionales; se va a cambiar a dos funcionarios y eso es bueno\u201d, anticip\u00f3.<\/p>\n\n\n\n<p>Lo anterior, en el contexto de la separaci\u00f3n del cargo de la todav\u00eda presidente del Comit\u00e9 Nacional, Luisa Mar\u00eda Alcalde, quien pasar\u00e1 a formar parte de la Consejer\u00eda Nacional de MORENA.<\/p>\n\n\n\n<p>En tanto se acomodan las cosas en la dirigencia, manifest\u00f3 que se mantendr\u00e1 sereno y pendiente: \u201cNo digo nada, porque todo lo que diga ser\u00e1 usado en mi contra, esa ya me la s\u00e9\u201d.<\/p>\n\n\n\n<p>No obstante, aclar\u00f3 que sin que se preste a malas interpretaciones, terminando el periodo ordinario de sesiones \u00e9l estar\u00e1 recorriendo las regiones para hablar con los militantes para explicar el trabajo que se desarrolla en la c\u00e1mara alta.<\/p>\n\n\n\n<p>\u201cLa presidenta nos ha dicho que combinemos el escritorio con el territorio, yo recorrer\u00e9 el estado y lo har\u00e9 porque es i deber, voy como senador a informar lo que estamos haciendo\u201d.<\/p>\n\n\n\n<p>Reconoci\u00f3 que dichos recorridos se pueden prestar para que sus detractores digan que est\u00e1 haciendo campa\u00f1a anticipada, \u201cse puede malinterpretar que ando queriendo ser gobernador, tiene muchas aristas, pero pues ni modo que no lo haga, debo recorrer el estado para ir y hablar con la gente, pero jam\u00e1s, ni en p\u00fablico ni privado andar\u00e9 diciendo que tengo la pretensi\u00f3n de ser gobernador\u201d.<\/p>\n\n\n\n<p>Reiter\u00f3 que en MORENA es la gente la que manda, no alg\u00fan actor en particular, pero aclar\u00f3: \u201cHay estatutos y hay Constituci\u00f3n Pol\u00edtica, hay que esperar los tiempos y esperar que dice la convocatoria\u201d.<\/p>\n\n\n\n<p>Pero en ese tema alert\u00f3: \u201cEsperamos una convocatoria que se apegue a la Constituci\u00f3n, que no lleve dedicatoria, que sea democr\u00e1tica, abierta para todos y lo que el pueblo diga\u201d.<\/p>\n\n\n\n<p>De manera recurrente, el senador Salgado a invocado el derecho constitucional que todo ciudadano con sus derechos pol\u00edticos vigentes tiene de votar y ser votado, aunque el estatuto interno de MORENA se mantiene en contra del nepotismo electoral.<\/p>\n","protected":false},"excerpt":{"rendered":"<p>&#8212; Pide una convocatoria que se apegue a la Constituci\u00f3n, que no lleve dedicatoria y que sea abierta para todos&#8212; Anticipa que recorrer\u00e1 el estado de Guerrero, aunque se malinterprete&hellip; <\/p>\n","protected":false},"author":21,"featured_media":102516,"comment_status":"open","ping_status":"open","sticky":false,"template":"","format":"standard","meta":{"fifu_image_url":"https:\/\/www.interaccionnoticias.com.mx\/wp-content\/uploads\/2026\/04\/260428-Felix-Salgado-Macedonio.jpg","fifu_image_alt":"","footnotes":""},"categories":[21],"tags":[],"class_list":["post-102513","post","type-post","status-publish","format-standard","has-post-thumbnail","hentry","category-politica"],"_links":{"self":[{"href":"https:\/\/www.interaccionnoticias.com.mx\/index.php?rest_route=\/wp\/v2\/posts\/102513","targetHints":{"allow":["GET"]}}],"collection":[{"href":"https:\/\/www.interaccionnoticias.com.mx\/index.php?rest_route=\/wp\/v2\/posts"}],"about":[{"href":"https:\/\/www.interaccionnoticias.com.mx\/index.php?rest_route=\/wp\/v2\/types\/post"}],"author":[{"embeddable":true,"href":"https:\/\/www.interaccionnoticias.com.mx\/index.php?rest_route=\/wp\/v2\/users\/21"}],"replies":[{"embeddable":true,"href":"https:\/\/www.interaccionnoticias.com.mx\/index.php?rest_route=%2Fwp%2Fv2%2Fcomments&post=102513"}],"version-history":[{"count":1,"href":"https:\/\/www.interaccionnoticias.com.mx\/index.php?rest_route=\/wp\/v2\/posts\/102513\/revisions"}],"predecessor-version":[{"id":102515,"href":"https:\/\/www.interaccionnoticias.com.mx\/index.php?rest_route=\/wp\/v2\/posts\/102513\/revisions\/102515"}],"wp:featuredmedia":[{"embeddable":true,"href":"https:\/\/www.interaccionnoticias.com.mx\/index.php?rest_route=\/wp\/v2\/media\/102516"}],"wp:attachment":[{"href":"https:\/\/www.interaccionnoticias.com.mx\/index.php?rest_route=%2Fwp%2Fv2%2Fmedia&parent=102513"}],"wp:term":[{"taxonomy":"category","embeddable":true,"href":"https:\/\/www.interaccionnoticias.com.mx\/index.php?rest_route=%2Fwp%2Fv2%2Fcategories&post=102513"},{"taxonomy":"post_tag","embeddable":true,"href":"https:\/\/www.interaccionnoticias.com.mx\/index.php?rest_route=%2Fwp%2Fv2%2Ftags&post=102513"}],"curies":[{"name":"wp","href":"https:\/\/api.w.org\/{rel}","templated":true}]}}