{"id":102438,"date":"2026-04-26T20:14:37","date_gmt":"2026-04-27T02:14:37","guid":{"rendered":"https:\/\/www.interaccionnoticias.com.mx\/?p=102438"},"modified":"2026-04-26T20:14:38","modified_gmt":"2026-04-27T02:14:38","slug":"vinculan-a-proceso-al-hombre-que-quemo-a-jornalero-guerrerense-en-tijuana","status":"publish","type":"post","link":"https:\/\/www.interaccionnoticias.com.mx\/?p=102438","title":{"rendered":"Vinculan a proceso al hombre que quem\u00f3 a jornalero guerrerense en Tijuana"},"content":{"rendered":"\n<p><em><strong>El imputado enfrentar\u00e1 cargos por homicidio en grado de tentativa<\/strong><\/em><\/p>\n\n\n\n<p><strong>Interacci\u00f3n Noticias<\/strong><\/p>\n\n\n\n<p>El presunto responsable de agredir y prender fuego a un jornalero agr\u00edcola originario de Guerrero fue vinculado a proceso por el delito de homicidio en grado de tentativa, informaron autoridades del estado de Baja California.<\/p>\n\n\n\n<p>De acuerdo con los reportes, el imputado, identificado como Delfino \u201cN\u201d, fue presentado ante la autoridad judicial tras los hechos ocurridos el pasado 11 de abril de 2026, alrededor de las 21:30 horas, en un domicilio ubicado en la calle Quinta del ejido Francisco Villa, en el municipio de San Quint\u00edn.<\/p>\n\n\n\n<p>Seg\u00fan la investigaci\u00f3n, la v\u00edctima, Mariano Dircio Mor\u00e1n, de 23 a\u00f1os y originario de Guerrero, fue atacado por el hombre que le rentaba un espacio para vivir, luego de que se retrasara en el pago de la renta.<\/p>\n\n\n\n<p>El agresor lo golpe\u00f3 y posteriormente le roci\u00f3 combustible para prenderle fuego, provoc\u00e1ndole quemaduras en gran parte del cuerpo.<\/p>\n\n\n\n<p>El caso se hizo p\u00fablico tras la difusi\u00f3n de im\u00e1genes en redes sociales, donde el joven aparec\u00eda deambulando por calles de San Quint\u00edn con visibles lesiones, lo que gener\u00f3 indignaci\u00f3n.<\/p>\n\n\n\n<p>Tras la agresi\u00f3n, el jornalero fue auxiliado en una casa de asistencia, posteriormente atendido en un hospital de San Quint\u00edn y m\u00e1s tarde trasladado a otro nosocomio en la capital del estado, donde permanece recibiendo atenci\u00f3n m\u00e9dica.<\/p>\n","protected":false},"excerpt":{"rendered":"<p>El imputado enfrentar\u00e1 cargos por homicidio en grado de tentativa Interacci\u00f3n Noticias El presunto responsable de agredir y prender fuego a un jornalero agr\u00edcola originario de Guerrero fue vinculado a&hellip; <\/p>\n","protected":false},"author":19,"featured_media":102441,"comment_status":"open","ping_status":"open","sticky":false,"template":"","format":"standard","meta":{"fifu_image_url":"https:\/\/www.interaccionnoticias.com.mx\/wp-content\/uploads\/2026\/04\/260426-cc-Delfino-N.jpg","fifu_image_alt":"","footnotes":""},"categories":[27],"tags":[],"class_list":["post-102438","post","type-post","status-publish","format-standard","has-post-thumbnail","hentry","category-seguridad-publica"],"_links":{"self":[{"href":"https:\/\/www.interaccionnoticias.com.mx\/index.php?rest_route=\/wp\/v2\/posts\/102438","targetHints":{"allow":["GET"]}}],"collection":[{"href":"https:\/\/www.interaccionnoticias.com.mx\/index.php?rest_route=\/wp\/v2\/posts"}],"about":[{"href":"https:\/\/www.interaccionnoticias.com.mx\/index.php?rest_route=\/wp\/v2\/types\/post"}],"author":[{"embeddable":true,"href":"https:\/\/www.interaccionnoticias.com.mx\/index.php?rest_route=\/wp\/v2\/users\/19"}],"replies":[{"embeddable":true,"href":"https:\/\/www.interaccionnoticias.com.mx\/index.php?rest_route=%2Fwp%2Fv2%2Fcomments&post=102438"}],"version-history":[{"count":1,"href":"https:\/\/www.interaccionnoticias.com.mx\/index.php?rest_route=\/wp\/v2\/posts\/102438\/revisions"}],"predecessor-version":[{"id":102440,"href":"https:\/\/www.interaccionnoticias.com.mx\/index.php?rest_route=\/wp\/v2\/posts\/102438\/revisions\/102440"}],"wp:featuredmedia":[{"embeddable":true,"href":"https:\/\/www.interaccionnoticias.com.mx\/index.php?rest_route=\/wp\/v2\/media\/102441"}],"wp:attachment":[{"href":"https:\/\/www.interaccionnoticias.com.mx\/index.php?rest_route=%2Fwp%2Fv2%2Fmedia&parent=102438"}],"wp:term":[{"taxonomy":"category","embeddable":true,"href":"https:\/\/www.interaccionnoticias.com.mx\/index.php?rest_route=%2Fwp%2Fv2%2Fcategories&post=102438"},{"taxonomy":"post_tag","embeddable":true,"href":"https:\/\/www.interaccionnoticias.com.mx\/index.php?rest_route=%2Fwp%2Fv2%2Ftags&post=102438"}],"curies":[{"name":"wp","href":"https:\/\/api.w.org\/{rel}","templated":true}]}}