{"id":102408,"date":"2026-04-26T12:21:45","date_gmt":"2026-04-26T18:21:45","guid":{"rendered":"https:\/\/www.interaccionnoticias.com.mx\/?p=102408"},"modified":"2026-04-26T12:21:46","modified_gmt":"2026-04-26T18:21:46","slug":"a-casi-10-dias-familias-organizan-busqueda-ciudadana-por-siete-desaparecidos-en-atenango-del-rio","status":"publish","type":"post","link":"https:\/\/www.interaccionnoticias.com.mx\/?p=102408","title":{"rendered":"A casi 10 d\u00edas, familias organizan b\u00fasqueda ciudadana por siete desaparecidos en Atenango del R\u00edo"},"content":{"rendered":"\n<p><em><strong>&#8212; Familiares llaman a sumarse este domingo en Apanguito, a casi 10 d\u00edas de su desaparici\u00f3n<\/strong><\/em><\/p>\n\n\n\n<p><strong>Interacci\u00f3n Noticias<\/strong><\/p>\n\n\n\n<p>A casi 10 d\u00edas sin conocer su paradero familias de las siete personas desaparecidas en el municipio de Atenango del R\u00edo convocaron a habitantes de Apanguito y comunidades cercanas a participar en una jornada de b\u00fasqueda este domingo 26 de abril.<\/p>\n\n\n\n<p>La convocatoria establece como punto de reuni\u00f3n la casa de la se\u00f1ora Valentina Escamilla, ubicada en la calle que conduce al pante\u00f3n, cerca de la barranca en Apanguito, a partir de las 8:00 de la ma\u00f1ana, por lo que pidieron a los asistentes acudir con ropa adecuada para las labores en campo.<\/p>\n\n\n\n<p>Los familiares se\u00f1alaron que en esta jornada participar\u00e1n principalmente mujeres, entre ellas madres, hermanas y esposas de las v\u00edctimas, quienes insistieron en la importancia del acompa\u00f1amiento ciudadano para fortalecer las acciones de b\u00fasqueda.<\/p>\n\n\n\n<p>De acuerdo con el \u00faltimo reporte oficial emitido el pasado 22 de abril, m\u00e1s de 250 elementos se manten\u00edan desplegados en distintos puntos del municipio en las labores de localizaci\u00f3n.<\/p>\n\n\n\n<p>Las siete personas desaparecieron el pasado 18 de abril, son Asunci\u00f3n Bello Escamilla, de 41 a\u00f1os; Diego Bello Agust\u00edn, de 19; Valente Bello Agust\u00edn, de 18; Mario Bello Escamilla, de 57; Sebasti\u00e1n Riquelme Escamilla, de 23; Crist\u00f3bal Pineda, de 40 a\u00f1os; y Eriberto Pineda, de 38 a\u00f1os.<\/p>\n","protected":false},"excerpt":{"rendered":"<p>&#8212; Familiares llaman a sumarse este domingo en Apanguito, a casi 10 d\u00edas de su desaparici\u00f3n Interacci\u00f3n Noticias A casi 10 d\u00edas sin conocer su paradero familias de las siete&hellip; <\/p>\n","protected":false},"author":19,"featured_media":102411,"comment_status":"open","ping_status":"open","sticky":false,"template":"","format":"standard","meta":{"fifu_image_url":"https:\/\/www.interaccionnoticias.com.mx\/wp-content\/uploads\/2026\/04\/260426-desaparecidos-en-Atenango-del-Rio.jpg","fifu_image_alt":"","footnotes":""},"categories":[247],"tags":[],"class_list":["post-102408","post","type-post","status-publish","format-standard","has-post-thumbnail","hentry","category-lo-has-visto"],"_links":{"self":[{"href":"https:\/\/www.interaccionnoticias.com.mx\/index.php?rest_route=\/wp\/v2\/posts\/102408","targetHints":{"allow":["GET"]}}],"collection":[{"href":"https:\/\/www.interaccionnoticias.com.mx\/index.php?rest_route=\/wp\/v2\/posts"}],"about":[{"href":"https:\/\/www.interaccionnoticias.com.mx\/index.php?rest_route=\/wp\/v2\/types\/post"}],"author":[{"embeddable":true,"href":"https:\/\/www.interaccionnoticias.com.mx\/index.php?rest_route=\/wp\/v2\/users\/19"}],"replies":[{"embeddable":true,"href":"https:\/\/www.interaccionnoticias.com.mx\/index.php?rest_route=%2Fwp%2Fv2%2Fcomments&post=102408"}],"version-history":[{"count":1,"href":"https:\/\/www.interaccionnoticias.com.mx\/index.php?rest_route=\/wp\/v2\/posts\/102408\/revisions"}],"predecessor-version":[{"id":102410,"href":"https:\/\/www.interaccionnoticias.com.mx\/index.php?rest_route=\/wp\/v2\/posts\/102408\/revisions\/102410"}],"wp:featuredmedia":[{"embeddable":true,"href":"https:\/\/www.interaccionnoticias.com.mx\/index.php?rest_route=\/wp\/v2\/media\/102411"}],"wp:attachment":[{"href":"https:\/\/www.interaccionnoticias.com.mx\/index.php?rest_route=%2Fwp%2Fv2%2Fmedia&parent=102408"}],"wp:term":[{"taxonomy":"category","embeddable":true,"href":"https:\/\/www.interaccionnoticias.com.mx\/index.php?rest_route=%2Fwp%2Fv2%2Fcategories&post=102408"},{"taxonomy":"post_tag","embeddable":true,"href":"https:\/\/www.interaccionnoticias.com.mx\/index.php?rest_route=%2Fwp%2Fv2%2Ftags&post=102408"}],"curies":[{"name":"wp","href":"https:\/\/api.w.org\/{rel}","templated":true}]}}