{"id":102404,"date":"2026-04-25T15:18:00","date_gmt":"2026-04-25T21:18:00","guid":{"rendered":"https:\/\/www.interaccionnoticias.com.mx\/?p=102404"},"modified":"2026-04-25T23:09:46","modified_gmt":"2026-04-26T05:09:46","slug":"anticipa-norma-otilia-hernandez-que-estara-en-la-carrera-por-la-gubernatura-pide-piso-parejo-a-morena","status":"publish","type":"post","link":"https:\/\/www.interaccionnoticias.com.mx\/?p=102404","title":{"rendered":"Anticipa Norma Otilia Hern\u00e1ndez que estar\u00e1 en la carrera por la gubernatura, pide \u201cpiso parejo\u201d a MORENA"},"content":{"rendered":"\n<p><em><strong>&#8212; Sostiene que sus derechos como militante est\u00e1n a salvo, pues no prosperaron los intentos de expulsarla<br>&#8212; Descarta la posibilidad de que haya alg\u00fan \u201cungido\u201d y pide competencia \u201cleal y pareja\u201d<br>&#8212; Llama a frenar la difusi\u00f3n anticipada<\/strong><\/em><\/p>\n\n\n\n<p><strong>Rogelio Agust\u00edn<\/strong><\/p>\n\n\n\n<p>La ex alcaldesa de Chilpancingo, Norma Otilia Hern\u00e1ndez Mart\u00ednez anticip\u00f3 que estar\u00e1 dentro de la carrera por la gubernatura en Guerrero, por lo que solicit\u00f3 a la dirigencia nacional de MORENA garantizar que haya piso parejo para todos.<\/p>\n\n\n\n<p>En la capital del estado, Hern\u00e1ndez Mart\u00ednez refiri\u00f3 que a pesar de no tener ning\u00fan cargo en la administraci\u00f3n p\u00fablica ni de car\u00e1cter pol\u00edtico, ella no ha dejado de hacer activismo en las diferentes regiones, lo que le ha permitido mantener el contacto con la gente m\u00e1s all\u00e1 del municipio que gobern\u00f3.<\/p>\n\n\n\n<p>Sin embargo, destac\u00f3 que est\u00e1 esperando los tiempos y que en su momento habr\u00e1 de tomar la decisi\u00f3n de participar.<\/p>\n\n\n\n<p>Respecto a la posibilidad de que ya exista una decisi\u00f3n tomada a favor de alguna de las propuestas, la tambi\u00e9n ex diputada local refiri\u00f3 que en estos momentos todos se encuentran en la misma ruta, pues en realidad la carrera por la candidatura a penas va a comenzar.<\/p>\n\n\n\n<p>\u201cCreo que todos y todas tienen sus derechos de poder participar, al final va a ganar el que defina el pueblo\u201d, anot\u00f3.<\/p>\n\n\n\n<p>De acuerdo con Otilia, lo mejor es que MORENA regrese a sus or\u00edgenes y confi\u00f3 en la precisi\u00f3n hecha por la presidenta de la Rep\u00fablica, Claudia Sheinbaum Pardo, en el sentido de que no tiene candidatos ni candidatas en los estados.<\/p>\n\n\n\n<p>Por esa raz\u00f3n, se sum\u00f3 a quienes le han dad la bienvenida al proceso interno a la todav\u00eda consejera jur\u00eddica presidencial, Esthela Dami\u00e1n Peralta.<\/p>\n\n\n\n<p>\u201cDecimos que es bienvenida a la competencia, porque es cuando la gente ve mas opciones y en estos momentos hay que abrir la puerta, a nadie se le tiene que cerrar; no hay que tener fobias\u201d, anot\u00f3.<\/p>\n\n\n\n<p>A pregunta expresa, asegur\u00f3 que sigue en la Cuarta Transformaci\u00f3n, pues hubo dos intentos de expulsarla y no prosperaron, ya que los \u00f3rganos electorales en su momento le restituyeron sus derechos como militante de MORENA.<\/p>\n\n\n\n<p>Por esa raz\u00f3n, antes de que inicie la carrera por la gubernatura, destac\u00f3 que har\u00e1 un llamado a la unidad, no solo de quienes ya forman parte de MORENA, tambi\u00e9n a los ciudadanos que no tienen partido y que tienen \u00e1nimos para participar.<\/p>\n\n\n\n<p>Llam\u00f3 a tener una competencia sana, leal y que la postulaci\u00f3n recaiga en quien tenga a la poblaci\u00f3n de su parte.<\/p>\n\n\n\n<p>Tambi\u00e9n pidi\u00f3 que se detenga la difusi\u00f3n de propaganda y la pinta de bardas, porque eso no ayudar\u00e1 a propiciar la competencia pareja entre los aspirantes.<\/p>\n","protected":false},"excerpt":{"rendered":"<p>&#8212; Sostiene que sus derechos como militante est\u00e1n a salvo, pues no prosperaron los intentos de expulsarla&#8212; Descarta la posibilidad de que haya alg\u00fan \u201cungido\u201d y pide competencia \u201cleal y&hellip; <\/p>\n","protected":false},"author":21,"featured_media":102407,"comment_status":"open","ping_status":"open","sticky":false,"template":"","format":"standard","meta":{"fifu_image_url":"https:\/\/www.interaccionnoticias.com.mx\/wp-content\/uploads\/2026\/04\/260425-Norma-Otilia-Hernandez.jpg","fifu_image_alt":"","footnotes":""},"categories":[21],"tags":[],"class_list":["post-102404","post","type-post","status-publish","format-standard","has-post-thumbnail","hentry","category-politica"],"_links":{"self":[{"href":"https:\/\/www.interaccionnoticias.com.mx\/index.php?rest_route=\/wp\/v2\/posts\/102404","targetHints":{"allow":["GET"]}}],"collection":[{"href":"https:\/\/www.interaccionnoticias.com.mx\/index.php?rest_route=\/wp\/v2\/posts"}],"about":[{"href":"https:\/\/www.interaccionnoticias.com.mx\/index.php?rest_route=\/wp\/v2\/types\/post"}],"author":[{"embeddable":true,"href":"https:\/\/www.interaccionnoticias.com.mx\/index.php?rest_route=\/wp\/v2\/users\/21"}],"replies":[{"embeddable":true,"href":"https:\/\/www.interaccionnoticias.com.mx\/index.php?rest_route=%2Fwp%2Fv2%2Fcomments&post=102404"}],"version-history":[{"count":1,"href":"https:\/\/www.interaccionnoticias.com.mx\/index.php?rest_route=\/wp\/v2\/posts\/102404\/revisions"}],"predecessor-version":[{"id":102406,"href":"https:\/\/www.interaccionnoticias.com.mx\/index.php?rest_route=\/wp\/v2\/posts\/102404\/revisions\/102406"}],"wp:featuredmedia":[{"embeddable":true,"href":"https:\/\/www.interaccionnoticias.com.mx\/index.php?rest_route=\/wp\/v2\/media\/102407"}],"wp:attachment":[{"href":"https:\/\/www.interaccionnoticias.com.mx\/index.php?rest_route=%2Fwp%2Fv2%2Fmedia&parent=102404"}],"wp:term":[{"taxonomy":"category","embeddable":true,"href":"https:\/\/www.interaccionnoticias.com.mx\/index.php?rest_route=%2Fwp%2Fv2%2Fcategories&post=102404"},{"taxonomy":"post_tag","embeddable":true,"href":"https:\/\/www.interaccionnoticias.com.mx\/index.php?rest_route=%2Fwp%2Fv2%2Ftags&post=102404"}],"curies":[{"name":"wp","href":"https:\/\/api.w.org\/{rel}","templated":true}]}}