{"id":102399,"date":"2026-04-25T15:33:00","date_gmt":"2026-04-25T21:33:00","guid":{"rendered":"https:\/\/www.interaccionnoticias.com.mx\/?p=102399"},"modified":"2026-04-25T22:45:06","modified_gmt":"2026-04-26T04:45:06","slug":"buscan-a-un-menor-desaparecido-en-acapulco","status":"publish","type":"post","link":"https:\/\/www.interaccionnoticias.com.mx\/?p=102399","title":{"rendered":"Buscan a un menor desaparecido en Acapulco"},"content":{"rendered":"\n<p><em><strong>&#8212; Sali\u00f3 al plantel del Cobach y no regres\u00f3<br>&#8212; Sus familiares lo buscan en diferentes sitios<\/strong><\/em><\/p>\n\n\n\n<p><strong>Javier Trujillo<\/strong><\/p>\n\n\n\n<p><strong>Acapulco, Gro.- <\/strong>Desde ayer el adolescente Miguel Antonio Soto Castro, se encuentra en calidad de desaparecido, luego de haber salido de su casa con destino al Colegio de Bachilleres en la zona de Las Cruces, en Acapulco.<\/p>\n\n\n\n<p>Se informa qu\u00e9 la \u00faltima ocasi\u00f3n en que fue visto en Real Hacienda, vest\u00eda una playera blanca y un pantal\u00f3n azul y se dirig\u00eda al COBACH, ubicado en la zona de Las Cruces.<\/p>\n\n\n\n<p>Aya familiares denunciaron a Locatel que est\u00e1 desaparecido y hasta el momento no se tiene ning\u00fan reporte telef\u00f3nico con sus familiares, quienes han realizado por su cuenta b\u00fasquedas en diferentes lugares, por lo que piden el apoyo de autoridades policiales.<\/p>\n\n\n\n<p>Del adolescente, Miguel Antonio Soto Castro, de 16 a\u00f1os de edad, se indica que tiene un tatuaje en el brazo derecho con una peque\u00f1a cruz y el pulgar de la mano derecha tiene tres puntos.<\/p>\n\n\n\n<figure class=\"wp-block-gallery has-nested-images columns-default is-cropped wp-block-gallery-1 is-layout-flex wp-block-gallery-is-layout-flex\">\n<figure class=\"wp-block-image size-large\"><img decoding=\"async\" src=\"data:image\/gif;base64,R0lGODlhAQABAIAAAAAAAP\/\/\/ywAAAAAAQABAAACAUwAOw==\" fifu-lazy=\"1\" fifu-data-sizes=\"auto\" fifu-data-srcset=\"https:\/\/i0.wp.com\/www.interaccionnoticias.com.mx\/wp-content\/uploads\/2026\/04\/260425-Miguel-Antonio-Soto-Castro.png?ssl=1&w=75&resize=75&ssl=1 75w, https:\/\/i0.wp.com\/www.interaccionnoticias.com.mx\/wp-content\/uploads\/2026\/04\/260425-Miguel-Antonio-Soto-Castro.png?ssl=1&w=100&resize=100&ssl=1 100w, https:\/\/i0.wp.com\/www.interaccionnoticias.com.mx\/wp-content\/uploads\/2026\/04\/260425-Miguel-Antonio-Soto-Castro.png?ssl=1&w=150&resize=150&ssl=1 150w, https:\/\/i0.wp.com\/www.interaccionnoticias.com.mx\/wp-content\/uploads\/2026\/04\/260425-Miguel-Antonio-Soto-Castro.png?ssl=1&w=240&resize=240&ssl=1 240w, https:\/\/i0.wp.com\/www.interaccionnoticias.com.mx\/wp-content\/uploads\/2026\/04\/260425-Miguel-Antonio-Soto-Castro.png?ssl=1&w=320&resize=320&ssl=1 320w, https:\/\/i0.wp.com\/www.interaccionnoticias.com.mx\/wp-content\/uploads\/2026\/04\/260425-Miguel-Antonio-Soto-Castro.png?ssl=1&w=500&resize=500&ssl=1 500w, https:\/\/i0.wp.com\/www.interaccionnoticias.com.mx\/wp-content\/uploads\/2026\/04\/260425-Miguel-Antonio-Soto-Castro.png?ssl=1&w=640&resize=640&ssl=1 640w, https:\/\/i0.wp.com\/www.interaccionnoticias.com.mx\/wp-content\/uploads\/2026\/04\/260425-Miguel-Antonio-Soto-Castro.png?ssl=1&w=800&resize=800&ssl=1 800w, https:\/\/i0.wp.com\/www.interaccionnoticias.com.mx\/wp-content\/uploads\/2026\/04\/260425-Miguel-Antonio-Soto-Castro.png?ssl=1&w=1024&resize=1024&ssl=1 1024w, https:\/\/i0.wp.com\/www.interaccionnoticias.com.mx\/wp-content\/uploads\/2026\/04\/260425-Miguel-Antonio-Soto-Castro.png?ssl=1&w=1280&resize=1280&ssl=1 1280w, https:\/\/i0.wp.com\/www.interaccionnoticias.com.mx\/wp-content\/uploads\/2026\/04\/260425-Miguel-Antonio-Soto-Castro.png?ssl=1&w=1600&resize=1600&ssl=1 1600w\" data-id=\"102401\" fifu-data-src=\"https:\/\/i0.wp.com\/www.interaccionnoticias.com.mx\/wp-content\/uploads\/2026\/04\/260425-Miguel-Antonio-Soto-Castro.png?ssl=1\" alt=\"\" class=\"wp-image-102401\"\/><\/figure>\n<\/figure>\n","protected":false},"excerpt":{"rendered":"<p>&#8212; Sali\u00f3 al plantel del Cobach y no regres\u00f3&#8212; Sus familiares lo buscan en diferentes sitios Javier Trujillo Acapulco, Gro.- Desde ayer el adolescente Miguel Antonio Soto Castro, se encuentra&hellip; <\/p>\n","protected":false},"author":3,"featured_media":102403,"comment_status":"open","ping_status":"open","sticky":false,"template":"","format":"standard","meta":{"fifu_image_url":"https:\/\/www.interaccionnoticias.com.mx\/wp-content\/uploads\/2026\/04\/260425-Miguel-Antonio.jpg","fifu_image_alt":"","footnotes":""},"categories":[247],"tags":[],"class_list":["post-102399","post","type-post","status-publish","format-standard","has-post-thumbnail","hentry","category-lo-has-visto"],"_links":{"self":[{"href":"https:\/\/www.interaccionnoticias.com.mx\/index.php?rest_route=\/wp\/v2\/posts\/102399","targetHints":{"allow":["GET"]}}],"collection":[{"href":"https:\/\/www.interaccionnoticias.com.mx\/index.php?rest_route=\/wp\/v2\/posts"}],"about":[{"href":"https:\/\/www.interaccionnoticias.com.mx\/index.php?rest_route=\/wp\/v2\/types\/post"}],"author":[{"embeddable":true,"href":"https:\/\/www.interaccionnoticias.com.mx\/index.php?rest_route=\/wp\/v2\/users\/3"}],"replies":[{"embeddable":true,"href":"https:\/\/www.interaccionnoticias.com.mx\/index.php?rest_route=%2Fwp%2Fv2%2Fcomments&post=102399"}],"version-history":[{"count":1,"href":"https:\/\/www.interaccionnoticias.com.mx\/index.php?rest_route=\/wp\/v2\/posts\/102399\/revisions"}],"predecessor-version":[{"id":102402,"href":"https:\/\/www.interaccionnoticias.com.mx\/index.php?rest_route=\/wp\/v2\/posts\/102399\/revisions\/102402"}],"wp:featuredmedia":[{"embeddable":true,"href":"https:\/\/www.interaccionnoticias.com.mx\/index.php?rest_route=\/wp\/v2\/media\/102403"}],"wp:attachment":[{"href":"https:\/\/www.interaccionnoticias.com.mx\/index.php?rest_route=%2Fwp%2Fv2%2Fmedia&parent=102399"}],"wp:term":[{"taxonomy":"category","embeddable":true,"href":"https:\/\/www.interaccionnoticias.com.mx\/index.php?rest_route=%2Fwp%2Fv2%2Fcategories&post=102399"},{"taxonomy":"post_tag","embeddable":true,"href":"https:\/\/www.interaccionnoticias.com.mx\/index.php?rest_route=%2Fwp%2Fv2%2Ftags&post=102399"}],"curies":[{"name":"wp","href":"https:\/\/api.w.org\/{rel}","templated":true}]}}