{"id":102250,"date":"2026-04-22T09:21:00","date_gmt":"2026-04-22T15:21:00","guid":{"rendered":"https:\/\/www.interaccionnoticias.com.mx\/?p=102250"},"modified":"2026-04-22T15:44:38","modified_gmt":"2026-04-22T21:44:38","slug":"la-presidenta-de-la-republica-confirma-que-estela-damian-buscara-la-gubernatura-de-guerrero","status":"publish","type":"post","link":"https:\/\/www.interaccionnoticias.com.mx\/?p=102250","title":{"rendered":"La presidenta de la Rep\u00fablica confirma que Estela Dami\u00e1n buscar\u00e1 la gubernatura de Guerrero"},"content":{"rendered":"\n<p><em><strong>&#8212; En la conferencia de este mi\u00e9rcoles, la jefa del Ejecutivo federal confirma la renuncia de la actual consejera jur\u00eddica, entra en vigor el 30 de abril<br>&#8212; La misma presidenta confirm\u00f3 que Dami\u00e1n tiene el inter\u00e9s de contender en Guerrero<br>&#8212; \u201cNo estoy mandando candidatas ni candidatos\u201d, aclara<\/strong><\/em><\/p>\n\n\n\n<p><strong>Rogelio Agust\u00edn<\/strong><\/p>\n\n\n\n<p>La presidenta de la Rep\u00fablica, Claudia Sheinbaum Pardo confirm\u00f3 la separaci\u00f3n de Estela Dami\u00e1n Peralta de la consejer\u00eda jur\u00eddica del Poder Ejecutivo federal, con la intenci\u00f3n de buscar la candidatura de MORENA a la gubernatura de Guerrero.<\/p>\n\n\n\n<p>En la conferencia matutina de este mi\u00e9rcoles, la presidenta Sheinbaum Pardo inform\u00f3 que hace ya varios d\u00edas, su consejera jur\u00eddica le manifest\u00f3 su inter\u00e9s de contender en los comicios de 2027.<\/p>\n\n\n\n<p>\u201cMe dijo que ella quer\u00eda irse a trabajar a Guerrero\u201d, anot\u00f3 la jefa del Ejecutivo federal.<\/p>\n\n\n\n<p>En esa parte hizo una aclaraci\u00f3n que consider\u00f3 importante: \u201cYo no tengo candidatas ni candidatos, ni favorezco a alguna persona que vaya a participar en una u otra actividad para poder ganar una encuesta en MORENA, del PVEM, del PT, del PAN o del PRI o de MC; yo no tengo candidatas ni candidatos\u201d, enfatiz\u00f3.<\/p>\n\n\n\n<p>Dijo que defiende un proyecto de naci\u00f3n, representado por lo que se denomina como Cuarta Transformaci\u00f3n, pero tambi\u00e9n sostuvo que no tiene ninguna preferencia de tipo electoral.<\/p>\n\n\n\n<p>Por eso anot\u00f3: \u201cAquella persona que haya trabajado en el gobierno, que quiera irse de candidata o candidato, en su momento cuando inicien las leyes electorales o que quiera participar en las encuestas, no es que la est\u00e9 mandando la presidencia de la Rep\u00fablica\u201d.<\/p>\n\n\n\n<p>Luego ampli\u00f3 lo relacionado con la hasta hoy responsable dela consejer\u00eda jur\u00eddica: \u201cEstela me pidi\u00f3 que se quiere ir a Guerrero, es su estado natal y que quiere participar all\u00e1. Entonces le dije tienes que dejar la consejer\u00eda jur\u00eddica porque no se pueden las dos cosas\u201d.<\/p>\n\n\n\n<p>Indic\u00f3 que incluso le pregunt\u00f3 si estaba segura de separarse del cargo, ante lo que recibi\u00f3 una respuesta afirmativa.<\/p>\n\n\n\n<p>La presidenta de la Rep\u00fablica dijo que su consejera ha realizado un trabajo \u201cmuy bueno\u201d, ya que ha logrado sacar adelante diferentes iniciativas, juicios y logr\u00f3 la coordinaci\u00f3n adecuada con los jur\u00eddicos del pa\u00eds.<\/p>\n\n\n\n<p>A petici\u00f3n de la propia presidenta, la renuncia de Dami\u00e1n Peralta est\u00e1 programada para hacerse efectiva a partir del pr\u00f3ximo 30 de abril.<\/p>\n","protected":false},"excerpt":{"rendered":"<p>&#8212; En la conferencia de este mi\u00e9rcoles, la jefa del Ejecutivo federal confirma la renuncia de la actual consejera jur\u00eddica, entra en vigor el 30 de abril&#8212; La misma presidenta&hellip; <\/p>\n","protected":false},"author":21,"featured_media":102253,"comment_status":"open","ping_status":"open","sticky":false,"template":"","format":"standard","meta":{"fifu_image_url":"https:\/\/www.interaccionnoticias.com.mx\/wp-content\/uploads\/2026\/04\/260422-Claudia-Sheinbaum-Pardo.jpg","fifu_image_alt":"","footnotes":""},"categories":[21],"tags":[],"class_list":["post-102250","post","type-post","status-publish","format-standard","has-post-thumbnail","hentry","category-politica"],"_links":{"self":[{"href":"https:\/\/www.interaccionnoticias.com.mx\/index.php?rest_route=\/wp\/v2\/posts\/102250","targetHints":{"allow":["GET"]}}],"collection":[{"href":"https:\/\/www.interaccionnoticias.com.mx\/index.php?rest_route=\/wp\/v2\/posts"}],"about":[{"href":"https:\/\/www.interaccionnoticias.com.mx\/index.php?rest_route=\/wp\/v2\/types\/post"}],"author":[{"embeddable":true,"href":"https:\/\/www.interaccionnoticias.com.mx\/index.php?rest_route=\/wp\/v2\/users\/21"}],"replies":[{"embeddable":true,"href":"https:\/\/www.interaccionnoticias.com.mx\/index.php?rest_route=%2Fwp%2Fv2%2Fcomments&post=102250"}],"version-history":[{"count":1,"href":"https:\/\/www.interaccionnoticias.com.mx\/index.php?rest_route=\/wp\/v2\/posts\/102250\/revisions"}],"predecessor-version":[{"id":102252,"href":"https:\/\/www.interaccionnoticias.com.mx\/index.php?rest_route=\/wp\/v2\/posts\/102250\/revisions\/102252"}],"wp:featuredmedia":[{"embeddable":true,"href":"https:\/\/www.interaccionnoticias.com.mx\/index.php?rest_route=\/wp\/v2\/media\/102253"}],"wp:attachment":[{"href":"https:\/\/www.interaccionnoticias.com.mx\/index.php?rest_route=%2Fwp%2Fv2%2Fmedia&parent=102250"}],"wp:term":[{"taxonomy":"category","embeddable":true,"href":"https:\/\/www.interaccionnoticias.com.mx\/index.php?rest_route=%2Fwp%2Fv2%2Fcategories&post=102250"},{"taxonomy":"post_tag","embeddable":true,"href":"https:\/\/www.interaccionnoticias.com.mx\/index.php?rest_route=%2Fwp%2Fv2%2Ftags&post=102250"}],"curies":[{"name":"wp","href":"https:\/\/api.w.org\/{rel}","templated":true}]}}