{"id":10206,"date":"2017-11-15T15:29:58","date_gmt":"2017-11-15T21:29:58","guid":{"rendered":"http:\/\/www.inter-accion.com.mx\/?p=10206"},"modified":"2017-11-15T15:29:58","modified_gmt":"2017-11-15T21:29:58","slug":"los-26-alcaldes-del-prd-aun-no-conocen-los-alcaldes-del-pacto-por-la-paz","status":"publish","type":"post","link":"https:\/\/www.interaccionnoticias.com.mx\/?p=10206","title":{"rendered":"Los 26 alcaldes del PRD a\u00fan no conocen los alcaldes del Pacto por la Paz"},"content":{"rendered":"<p style=\"font-weight: 400;\">Lo propuso el gobernador H\u00e9ctor Astudillo en su segundo informe de labores<\/p>\n<p style=\"font-weight: 400;\">El coordinador de los 26 presidentes municipales del PRD en Guerrero, Pablo Higuera Fuentes manifest\u00f3 que hasta el momento no se les ha convocado para conocer los alcances del Pacto por la Paz que ya puso en marcha el gobierno estatal.<\/p>\n<p style=\"font-weight: 400;\">La jornada del martes, el jefe del Ejecutivo local, H\u00e9ctor Astudillo Flores se reuni\u00f3 en la residencia oficial Casa Guerrero con los dirigentes y diputados del PRI y del PVEM, partidos que impulsaron su candidatura al gobierno de Guerrero.<\/p>\n<p style=\"font-weight: 400;\">La ma\u00f1ana del mi\u00e9rcoles 15 de noviembre, Astudillo Flores hizo lo propio con la dirigencia del Movimiento Ciudadano (MC).<\/p>\n<p style=\"font-weight: 400;\">En ambos casos, la t\u00f3nica del discurso que manejaron gobernante y l\u00edderes partidistas fue el de la inseguridad p\u00fablica como principal desaf\u00edo, de tal suerte que se reconoci\u00f3 la necesidad de sumar esfuerzos en ese tema.<\/p>\n<p style=\"font-weight: 400;\">El mismo mi\u00e9rcoles, el primer edil de Eduardo Neri, explic\u00f3 que hasta el momento desconoce los t\u00e9rminos en que se plantea la firma del Pacto por la Paz, sin embargo, refiri\u00f3 que las reuniones realizadas hasta el momento no le aportan muchos datos.<\/p>\n<p style=\"font-weight: 400;\">\u201cYo creo que aqu\u00ed se tiene que convocar a todos los sectores; la iglesia, las universidades, los partidos pol\u00edticos, asociaciones civiles y no gubernamentales\u201d, anot\u00f3.<\/p>\n<p style=\"font-weight: 400;\">Dijo que por el nivel de la problem\u00e1tica que se enfrente en el pa\u00eds, ning\u00fan pacto se debe realizar excluyendo a los dem\u00e1s.<\/p>\n<p style=\"font-weight: 400;\">En el contexto de los comicios de 2018, destac\u00f3 que se deben establecer mecanismos claros para evitar que haya personas vinculadas a la delincuencia organizada que se postulen como candidatos a diferentes cargos.<\/p>\n<p style=\"font-weight: 400;\">\u201cNecesitamos que se investigue a todo aquel que quiera ser candidato, para que al rato no tengamos administracones contaminadas\u201d, destac\u00f3.<\/p>\n<p style=\"font-weight: 400;\">Agreg\u00f3: \u201cYo no se como lo est\u00e9n pensando, no s\u00e9 si ya est\u00e9 la discusi\u00f3n en el Congreso local, pero es un tema que ya estamos comentando con el nuevo dirigente de muestro partido, Ricardo Angel Barrientos R\u00edos\u201d.<\/p>\n<p style=\"font-weight: 400;\">De hecho, manifest\u00f3 que el pr\u00f3ximo s\u00e1bado habr\u00e1 una reuni\u00f3n con la c\u00fapula perredista para analizar lo referente al pacto convocado por el gobierno estatal, luego de analizar la situaci\u00f3n habr\u00e1n de fijar postura.<\/p>\n<p style=\"font-weight: 400;\">&nbsp;&nbsp;&nbsp;&nbsp;&nbsp;&nbsp;&nbsp;&nbsp;&nbsp;&nbsp;&nbsp;&nbsp;&nbsp;&nbsp;&nbsp;<\/p>\n","protected":false},"excerpt":{"rendered":"<p>Lo propuso el gobernador H\u00e9ctor Astudillo en su segundo informe de labores El coordinador de los 26 presidentes municipales del PRD en Guerrero, Pablo Higuera Fuentes manifest\u00f3 que hasta el&hellip; <\/p>\n","protected":false},"author":1,"featured_media":0,"comment_status":"closed","ping_status":"closed","sticky":false,"template":"","format":"standard","meta":{"fifu_image_url":"","fifu_image_alt":"","footnotes":""},"categories":[8,18],"tags":[],"class_list":["post-10206","post","type-post","status-publish","format-standard","hentry","category-featured","category-partidos-politicos"],"_links":{"self":[{"href":"https:\/\/www.interaccionnoticias.com.mx\/index.php?rest_route=\/wp\/v2\/posts\/10206","targetHints":{"allow":["GET"]}}],"collection":[{"href":"https:\/\/www.interaccionnoticias.com.mx\/index.php?rest_route=\/wp\/v2\/posts"}],"about":[{"href":"https:\/\/www.interaccionnoticias.com.mx\/index.php?rest_route=\/wp\/v2\/types\/post"}],"author":[{"embeddable":true,"href":"https:\/\/www.interaccionnoticias.com.mx\/index.php?rest_route=\/wp\/v2\/users\/1"}],"replies":[{"embeddable":true,"href":"https:\/\/www.interaccionnoticias.com.mx\/index.php?rest_route=%2Fwp%2Fv2%2Fcomments&post=10206"}],"version-history":[{"count":0,"href":"https:\/\/www.interaccionnoticias.com.mx\/index.php?rest_route=\/wp\/v2\/posts\/10206\/revisions"}],"wp:attachment":[{"href":"https:\/\/www.interaccionnoticias.com.mx\/index.php?rest_route=%2Fwp%2Fv2%2Fmedia&parent=10206"}],"wp:term":[{"taxonomy":"category","embeddable":true,"href":"https:\/\/www.interaccionnoticias.com.mx\/index.php?rest_route=%2Fwp%2Fv2%2Fcategories&post=10206"},{"taxonomy":"post_tag","embeddable":true,"href":"https:\/\/www.interaccionnoticias.com.mx\/index.php?rest_route=%2Fwp%2Fv2%2Ftags&post=10206"}],"curies":[{"name":"wp","href":"https:\/\/api.w.org\/{rel}","templated":true}]}}