{"id":10201,"date":"2017-11-15T15:16:17","date_gmt":"2017-11-15T21:16:17","guid":{"rendered":"http:\/\/www.inter-accion.com.mx\/?p=10201"},"modified":"2017-11-15T15:16:17","modified_gmt":"2017-11-15T21:16:17","slug":"matan-a-un-hombre-en-el-centro-de-chilpancingo","status":"publish","type":"post","link":"https:\/\/www.interaccionnoticias.com.mx\/?p=10201","title":{"rendered":"Matan a un hombre  en el centro de Chilpancingo"},"content":{"rendered":"<p style=\"font-weight: 400;\">Al costado de la Secretar\u00eda de Finanzas<\/p>\n<p style=\"font-weight: 400;\">Un joven fue asesinado a balazos en el primer cuadro de la ciudad, a espaldas del edificio Juan N. Alvarez, que actualmente ocupa la Secretar\u00eda de Finanzas y Administraci\u00f3n del gobierno estatal.<\/p>\n<p style=\"font-weight: 400;\">El ataque se registr\u00f3 alrededor de las 13:00 horas del mi\u00e9rcoles 15 de noviembre, sobre la calle Rep\u00fablica del Salvador, en una zona ocupada por negocios de alimentos, verduras, ropa y calzado.<\/p>\n<p style=\"font-weight: 400;\">La v\u00edctima es un hombre de tez morena, complexi\u00f3n robusta y cabello lacia, quien muri\u00f3 en el lugar del ataque a consecuencia de los balazos que recibi\u00f3 por parte de sus agresores.<\/p>\n<p style=\"font-weight: 400;\">Las detonaciones del arma de fuego utilizada para consumar la agresi\u00f3n generaron p\u00e1nico entre comerciantes y transe\u00fantes, aunque se movilizaron cuerpos de auxilio, no pudieron hacer gran&nbsp;&nbsp;cosa por el joven agredido, al que se le calcularon aproximadamente 25 a\u00f1os.<\/p>\n<p style=\"font-weight: 400;\">El hecho moviliz\u00f3 a personal de diferentes corporaciones polic\u00edacas, que lo \u00fanico que pudieron hacer fue acordonar el \u00e1rea y resguardar los trabajos del Servicio M\u00e9dico Forense (Semefo).<\/p>\n<p style=\"font-weight: 400;\">La tarde del martes, un hombre fue asesinado y su cuerpo desmembrado, los asesinos distribuyeron las piezas en tres tiendas de autoservicio ubicadas en diferentes puntos de la ciudad.<\/p>\n<div id=\"m982\" class=\"mail-message expanded\">&nbsp;<\/div>\n","protected":false},"excerpt":{"rendered":"<p>Al costado de la Secretar\u00eda de Finanzas Un joven fue asesinado a balazos en el primer cuadro de la ciudad, a espaldas del edificio Juan N. Alvarez, que actualmente ocupa&hellip; <\/p>\n","protected":false},"author":1,"featured_media":0,"comment_status":"closed","ping_status":"closed","sticky":false,"template":"","format":"standard","meta":{"fifu_image_url":"","fifu_image_alt":"","footnotes":""},"categories":[8,27],"tags":[],"class_list":["post-10201","post","type-post","status-publish","format-standard","hentry","category-featured","category-seguridad-publica"],"_links":{"self":[{"href":"https:\/\/www.interaccionnoticias.com.mx\/index.php?rest_route=\/wp\/v2\/posts\/10201","targetHints":{"allow":["GET"]}}],"collection":[{"href":"https:\/\/www.interaccionnoticias.com.mx\/index.php?rest_route=\/wp\/v2\/posts"}],"about":[{"href":"https:\/\/www.interaccionnoticias.com.mx\/index.php?rest_route=\/wp\/v2\/types\/post"}],"author":[{"embeddable":true,"href":"https:\/\/www.interaccionnoticias.com.mx\/index.php?rest_route=\/wp\/v2\/users\/1"}],"replies":[{"embeddable":true,"href":"https:\/\/www.interaccionnoticias.com.mx\/index.php?rest_route=%2Fwp%2Fv2%2Fcomments&post=10201"}],"version-history":[{"count":0,"href":"https:\/\/www.interaccionnoticias.com.mx\/index.php?rest_route=\/wp\/v2\/posts\/10201\/revisions"}],"wp:attachment":[{"href":"https:\/\/www.interaccionnoticias.com.mx\/index.php?rest_route=%2Fwp%2Fv2%2Fmedia&parent=10201"}],"wp:term":[{"taxonomy":"category","embeddable":true,"href":"https:\/\/www.interaccionnoticias.com.mx\/index.php?rest_route=%2Fwp%2Fv2%2Fcategories&post=10201"},{"taxonomy":"post_tag","embeddable":true,"href":"https:\/\/www.interaccionnoticias.com.mx\/index.php?rest_route=%2Fwp%2Fv2%2Ftags&post=10201"}],"curies":[{"name":"wp","href":"https:\/\/api.w.org\/{rel}","templated":true}]}}