{"id":10197,"date":"2017-11-14T22:09:08","date_gmt":"2017-11-15T04:09:08","guid":{"rendered":"http:\/\/www.inter-accion.com.mx\/?p=10197"},"modified":"2017-11-14T22:09:08","modified_gmt":"2017-11-15T04:09:08","slug":"cida-responsable-de-la-violencia-del-fin-de-semana-en-acapulco","status":"publish","type":"post","link":"https:\/\/www.interaccionnoticias.com.mx\/?p=10197","title":{"rendered":"CIDA, responsable de la violencia del fin de semana en Acapulco"},"content":{"rendered":"<p><strong>Tambi\u00e9n de los cad\u00e1veres encontrados en fosas clandestinas&nbsp;<\/strong><\/p>\n<div dir=\"ltr\">\n<div id=\"m_-3191729194843086415x_divtagdefaultwrapper\" dir=\"ltr\">\n<p class=\"m_-3191729194843086415x_MsoNormal\"><strong>Acapulco, Gro.-<\/strong> Tras la violencia desatada el pasado fin de semana en Acapulco, la Fiscal\u00eda General del Estado (FGE) atribuy\u00f3 al brazo armado del Cartel Independiente de Acapulco (CIDA), los homicidios y fosas clandestinas.<\/p>\n<p class=\"m_-3191729194843086415x_MsoNormal\">\u201cSe estima que (los detenidos) son el brazo ejecutor del CIDA, es decir en principio de&nbsp;<i>\u2018Capuchino\u2019<\/i>&nbsp;(l\u00edder del grupo delictivo), tenemos suficientes elementos para presumir esa circunstancia\u201d, sostuvo el fiscal guerrerense Xavier Olea Pel\u00e1ez, en conferencia de prensa en Acapulco.<\/p>\n<p class=\"m_-3191729194843086415x_MsoNormal\">Incluso sugiri\u00f3 que en el caso de fosas clandestinas podr\u00eda estar vinculadas con el mismo grupo criminal y los que est\u00e1n detenidos.<\/p>\n<p class=\"m_-3191729194843086415x_MsoNormal\">Refiri\u00f3 que se est\u00e1 investigando y al parecer hay cuatro cad\u00e1veres, tres hombres y una mujer que est\u00e1n en la carpeta y est\u00e1n muy avanzadas las investigaciones y los ex\u00e1menes de ADN.<\/p>\n<p class=\"m_-3191729194843086415x_MsoNormal\">En relaci\u00f3n al paro de labores que realiz\u00f3 el personal de la Fiscal\u00eda General del Estado en Chilpancingo adelant\u00f3 que se adquirieron frigor\u00edficos para las fiscal\u00edas de Iguala, Acapulco y Chilpancingo.<\/p>\n<p class=\"m_-3191729194843086415x_MsoNormal\">\u201cEs evidente que cuando empecemos a cambiar los cad\u00e1veres a los nuevos, para darle mantenimiento a los viejos, habr\u00e1 olores f\u00e9tidos, circunstancia que les manifest\u00e9 a los compa\u00f1eros de la fiscal\u00eda.<\/p>\n<p class=\"m_-3191729194843086415x_MsoNormal\">\u201cQuiero decirles que no solamente ellos sufren eso, el Fiscal General, tambi\u00e9n sufre de esos olores y somos todos los que padecemos esos olores porque son muy fuertes\u201d, dijo Olea Pel\u00e1ez.<\/p>\n<p class=\"m_-3191729194843086415x_MsoNormal\">En la conferencia revel\u00f3 que en las cinco fosas clandestinas localizadas en la parte alta del Cerro del Veladero, cuatro de las cinco v\u00edctimas son originarios del estado de Tabasco y solo una de Acapulco.<\/p>\n<p class=\"m_-3191729194843086415x_MsoNormal\">Por lo anterior la Fiscal\u00eda General del Estado, solicit\u00f3 al Juez de Control y Enjuiciamiento Penal del&nbsp; Distrito Judicial de Tabares, \u00f3rdenes de aprehensi\u00f3n en contra de Efr\u00e9n \u201cN\u201d, Isa\u00edas \u201cN\u201d y&nbsp; Ra\u00fal&nbsp; \u201cN\u201d, y dos menores.<\/p>\n<p class=\"m_-3191729194843086415x_MsoNormal\">El fiscal, dijo que son cinco los presuntos responsables del delito de homicidio calificado en agravio de cinco trabajadores de la empresa Full Pack. \u201cCuatro de ellas procedentes de la ciudad de Villahermosa, en el estado de Tabasco y uno de ellos acapulque\u00f1o, originario de esta ciudad\u201d.<\/p>\n<p class=\"m_-3191729194843086415x_MsoNormal\">De acuerdo a las investigaciones realizadas por la Polic\u00eda&nbsp; Ministerial del Estado, el pasado 9 de octubre, las cinco v\u00edctimas fueron privados de la libertad, y encontrados sin vida en la parte alta del punto conocido como el Cerro El Veladero, parte alta de la colonia La Laja, en el puerto.<\/p>\n<p class=\"m_-3191729194843086415x_MsoNormal\">Con relaci\u00f3n al doble homicidio al interior de un bar en la colonia Miguel Alem\u00e1n (Aguas Blancas), dijo que se logr\u00f3 la detenci\u00f3n de cuatro personas en su calidad de imputados como probables part\u00edcipes del doble homicidio al interior de un bar, sin raz\u00f3n social, en la colonia Miguel Alem\u00e1n, entre ellos Jos\u00e9 \u201cN\u201d, Michel \u201cN\u201d, Miguel \u201cN\u201d y Sergio \u201cN\u201d, este \u00faltimo se\u00f1alado como el jefe de la c\u00e9lula criminal.<\/p>\n<\/div>\n<\/div>\n","protected":false},"excerpt":{"rendered":"<p>Tambi\u00e9n de los cad\u00e1veres encontrados en fosas clandestinas&nbsp; Acapulco, Gro.- Tras la violencia desatada el pasado fin de semana en Acapulco, la Fiscal\u00eda General del Estado (FGE) atribuy\u00f3 al brazo&hellip; <\/p>\n","protected":false},"author":1,"featured_media":0,"comment_status":"closed","ping_status":"closed","sticky":false,"template":"","format":"standard","meta":{"fifu_image_url":"","fifu_image_alt":"","footnotes":""},"categories":[8,27],"tags":[],"class_list":["post-10197","post","type-post","status-publish","format-standard","hentry","category-featured","category-seguridad-publica"],"_links":{"self":[{"href":"https:\/\/www.interaccionnoticias.com.mx\/index.php?rest_route=\/wp\/v2\/posts\/10197","targetHints":{"allow":["GET"]}}],"collection":[{"href":"https:\/\/www.interaccionnoticias.com.mx\/index.php?rest_route=\/wp\/v2\/posts"}],"about":[{"href":"https:\/\/www.interaccionnoticias.com.mx\/index.php?rest_route=\/wp\/v2\/types\/post"}],"author":[{"embeddable":true,"href":"https:\/\/www.interaccionnoticias.com.mx\/index.php?rest_route=\/wp\/v2\/users\/1"}],"replies":[{"embeddable":true,"href":"https:\/\/www.interaccionnoticias.com.mx\/index.php?rest_route=%2Fwp%2Fv2%2Fcomments&post=10197"}],"version-history":[{"count":0,"href":"https:\/\/www.interaccionnoticias.com.mx\/index.php?rest_route=\/wp\/v2\/posts\/10197\/revisions"}],"wp:attachment":[{"href":"https:\/\/www.interaccionnoticias.com.mx\/index.php?rest_route=%2Fwp%2Fv2%2Fmedia&parent=10197"}],"wp:term":[{"taxonomy":"category","embeddable":true,"href":"https:\/\/www.interaccionnoticias.com.mx\/index.php?rest_route=%2Fwp%2Fv2%2Fcategories&post=10197"},{"taxonomy":"post_tag","embeddable":true,"href":"https:\/\/www.interaccionnoticias.com.mx\/index.php?rest_route=%2Fwp%2Fv2%2Ftags&post=10197"}],"curies":[{"name":"wp","href":"https:\/\/api.w.org\/{rel}","templated":true}]}}