{"id":10195,"date":"2017-11-14T22:12:29","date_gmt":"2017-11-15T04:12:29","guid":{"rendered":"http:\/\/www.inter-accion.com.mx\/?p=10195"},"modified":"2017-11-14T22:12:29","modified_gmt":"2017-11-15T04:12:29","slug":"pri-y-pvem-se-reunen-con-el-gobernador-para-impulsar-el-pacto-por-la-paz","status":"publish","type":"post","link":"https:\/\/www.interaccionnoticias.com.mx\/?p=10195","title":{"rendered":"PRI y PVEM se re\u00fanen con el gobernador para impulsar el pacto por la paz"},"content":{"rendered":"<p class=\"m_9045547320661383235x_xmsonormal\">En una reuni\u00f3n privada, las dirigencias estatales del PRI y del PVEM ratificaron su adhesi\u00f3n al Pacto por la Paz, convocado por el gobernador H\u00e9ctor Astudillo Flores durante su segundo informe de labores.<\/p>\n<p class=\"m_9045547320661383235x_xmsonormal\"><span lang=\"ES\">La reuni\u00f3n se desarroll\u00f3 en la residencia oficial Casa Guerrero, participaron los dirigentes estatales del PRI, Heriberto Huicochea V\u00e1zquez y del PVEM Arturo Alvarez Angli, adem\u00e1s de la coordinadora de los diputados del tricolor en el Congreso de la Uni\u00f3n, Ver\u00f3nica Mu\u00f1oz Parra, el presidente de la Mesa Directiva del Congreso local, Eduardo Ignacio Neil Cuevas, el delegado del Comit\u00e9 Ejecutivo Nacional (CEN) del tricolor y el presidente de la Comisi\u00f3n de Justicia del Congreso local, H\u00e9ctor Vicario Castrej\u00f3n.<\/span><\/p>\n<p class=\"m_9045547320661383235x_xmsonormal\"><span lang=\"ES\">En la explicaci\u00f3n, el presidente del Comit\u00e9 Directivo Estatal (CDE) del tricolor, Heriberto Huicochea manifest\u00f3 que el encuentro comenz\u00f3 a partir de un diagn\u00f3stico detallado de lo que representa la problem\u00e1tica generada por la violencia que se registra en la entidad.<\/span><\/p>\n<p class=\"m_9045547320661383235x_xmsonormal\"><span lang=\"ES\">Hubo un balance del contexto en el que surgi\u00f3 la convocatoria del gobernador H\u00e9ctor Astudillo Flores para la firma del Pacto por la Paz, en el entendido que de primera instancia se debe comprender que el principal problema que enfrenta Guerrero es el de la violencia, el cual se debe atender con la suma de los esfuerzos de todos los actores de la vida p\u00fablica, para ello es determinante fomentar la participaci\u00f3n ciudadana.<\/span><\/p>\n<p class=\"m_9045547320661383235x_xmsonormal\"><span lang=\"ES\">Para que el pacto avance, dijo que se deben establecer metas precisas y signar compromisos concretos.<\/span><\/p>\n<p class=\"m_9045547320661383235x_xmsonormal\"><span lang=\"ES\">El dirigente del PVEM, Arturo Alvarez Angli reconoci\u00f3 que pese a los avances que se registran en varios aspectos, se debe reconocer que hace mucha falta hacer trabajo en materia de prevenci\u00f3n del delito.<\/span><\/p>\n<p class=\"m_9045547320661383235x_xmsonormal\"><span lang=\"ES\">Dijo que en el caso de Guerrero se debe reconocer que los municipios no han hecho lo que les corresponde, de tal suerte que se ha cargado la mano en el nivel estatal y federal cuando se habla de crimen organizado.<\/span><\/p>\n<p class=\"m_9045547320661383235x_xmsonormal\"><span lang=\"ES\">Indic\u00f3 que el PVEM dar\u00e1 la cara ante la sociedad respecto a los resultados de la presente administraci\u00f3n gubernamental, con la certeza de que se debe sumar a todos los actores.<\/span><\/p>\n<p class=\"m_9045547320661383235x_xmsonormal\"><span lang=\"ES\">\u201cTodos en alg\u00fan momento hemos sido complacientes y laxos, por eso hemos permitido que lleguen algunos presidentes municipales con se\u00f1alamientos de tener v\u00ednculos con grupos delictivos, votando por ellos y no siendo puntuales respecto a la revisi\u00f3n de los antecedentes de los candidatos que postulan los partidos pol\u00edticos\u201d, asever\u00f3.<\/span><\/p>\n","protected":false},"excerpt":{"rendered":"<p>En una reuni\u00f3n privada, las dirigencias estatales del PRI y del PVEM ratificaron su adhesi\u00f3n al Pacto por la Paz, convocado por el gobernador H\u00e9ctor Astudillo Flores durante su segundo&hellip; <\/p>\n","protected":false},"author":1,"featured_media":0,"comment_status":"closed","ping_status":"closed","sticky":false,"template":"","format":"standard","meta":{"fifu_image_url":"","fifu_image_alt":"","footnotes":""},"categories":[8,11],"tags":[],"class_list":["post-10195","post","type-post","status-publish","format-standard","hentry","category-featured","category-guerrero"],"_links":{"self":[{"href":"https:\/\/www.interaccionnoticias.com.mx\/index.php?rest_route=\/wp\/v2\/posts\/10195","targetHints":{"allow":["GET"]}}],"collection":[{"href":"https:\/\/www.interaccionnoticias.com.mx\/index.php?rest_route=\/wp\/v2\/posts"}],"about":[{"href":"https:\/\/www.interaccionnoticias.com.mx\/index.php?rest_route=\/wp\/v2\/types\/post"}],"author":[{"embeddable":true,"href":"https:\/\/www.interaccionnoticias.com.mx\/index.php?rest_route=\/wp\/v2\/users\/1"}],"replies":[{"embeddable":true,"href":"https:\/\/www.interaccionnoticias.com.mx\/index.php?rest_route=%2Fwp%2Fv2%2Fcomments&post=10195"}],"version-history":[{"count":0,"href":"https:\/\/www.interaccionnoticias.com.mx\/index.php?rest_route=\/wp\/v2\/posts\/10195\/revisions"}],"wp:attachment":[{"href":"https:\/\/www.interaccionnoticias.com.mx\/index.php?rest_route=%2Fwp%2Fv2%2Fmedia&parent=10195"}],"wp:term":[{"taxonomy":"category","embeddable":true,"href":"https:\/\/www.interaccionnoticias.com.mx\/index.php?rest_route=%2Fwp%2Fv2%2Fcategories&post=10195"},{"taxonomy":"post_tag","embeddable":true,"href":"https:\/\/www.interaccionnoticias.com.mx\/index.php?rest_route=%2Fwp%2Fv2%2Ftags&post=10195"}],"curies":[{"name":"wp","href":"https:\/\/api.w.org\/{rel}","templated":true}]}}