{"id":10192,"date":"2017-11-14T21:32:46","date_gmt":"2017-11-15T03:32:46","guid":{"rendered":"http:\/\/www.inter-accion.com.mx\/?p=10192"},"modified":"2017-11-14T21:32:46","modified_gmt":"2017-11-15T03:32:46","slug":"con-un-diez-el-secretario-de-seguridad-publica-califica-a-su-policia-estatal","status":"publish","type":"post","link":"https:\/\/www.interaccionnoticias.com.mx\/?p=10192","title":{"rendered":"Con un diez, el secretario de Seguridad P\u00fablica califica a su polic\u00eda estatal"},"content":{"rendered":"<p class=\"m_78861087726671511x_MsoListParagraph\"><strong><span lang=\"ES\">Reprocha la ineficacia de las preventivas municipales y pide m\u00e1s helic\u00f3pteros modernos<\/span><\/strong><\/p>\n<p class=\"m_78861087726671511x_MsoNormal\"><span lang=\"ES\">El titular de la Secretar\u00eda de Seguridad P\u00fablica (SSP) estatal, Pedro Almaz\u00e1n Cervantes calific\u00f3 con un diez a la polic\u00eda baj\u00f3 su mando, exigi\u00f3 m\u00e1s elementos operativos, la compra de helic\u00f3pteros modernos y critic\u00f3 a las polic\u00edas preventivas por su nula participaci\u00f3n en los trabajos prevenci\u00f3n del delito.<\/span><\/p>\n<p class=\"m_78861087726671511x_MsoNormal\"><span lang=\"ES\">En la participaci\u00f3n que tuvo en las instalaciones del Congreso local, el general de brigada sostuvo que no est\u00e1 empecinado en simular trabajo ni manipular estad\u00edsticas, pues se tiene claro que el trabajo en materia de combate al delito no tiene precedente.<\/span><\/p>\n<p class=\"m_78861087726671511x_MsoNormal\"><span lang=\"ES\">Sostuvo que de no adoptarse las medidas que ha tomado en los \u00faltimos meses, la situaci\u00f3n en Guerrero ya se hubiera desbordado.<\/span><\/p>\n<p class=\"m_78861087726671511x_MsoNormal\"><span lang=\"ES\">Aunque la diputada del MORENA, Mar\u00eda de Jes\u00fas Cisneros Mart\u00ednez le solicit\u00f3 que asignara una calificaci\u00f3n respecto a su desempe\u00f1o, dijo que es la sociedad la que est\u00e1 en condiciones de evaluar el trabajo, no los propios servidores p\u00fablicos.<\/span><\/p>\n<p class=\"m_78861087726671511x_MsoNormal\"><span lang=\"ES\">Sin embargo, destac\u00f3 que durante su gesti\u00f3n se han creado dos unidades especiales, que son las que se mantienen en una lucha frontal contra la delincuencia.<\/span><\/p>\n<p class=\"m_78861087726671511x_MsoNormal\"><span lang=\"ES\">\u201cLos resultados hablan por si mismos\u201d, dijo a los diputados locales.<\/span><\/p>\n<p class=\"m_78861087726671511x_MsoNormal\"><span lang=\"ES\">Reconoci\u00f3 que hay un problema de sobrepoblaci\u00f3n en los Centro de Reinserci\u00f3n Social, pero indic\u00f3 que se hace lo que corresponde para contener los problemas, aunque en algunos instantes haya situaciones que parecen salirse de control.&nbsp;&nbsp;<\/span><\/p>\n<p class=\"m_78861087726671511x_MsoNormal\"><span lang=\"ES\">Asegur\u00f3 que el problema de la inseguridad no se atiende solo con buena voluntad, tambi\u00e9n con estrategias claras y recursos.<\/span><\/p>\n<p class=\"m_78861087726671511x_MsoNormal\"><span lang=\"ES\">\u201cEl trabajo no es el suficiente, hay muchas cosas quehacer, pero debemos tener claro que los polic\u00edas est\u00e1n dando&nbsp;&nbsp;su m\u00e1ximo esfuerzo, pese a que no contamos ni siquiera la tercera parte de los efectivos de lo que deber\u00edamos tener\u201d, asever\u00f3.<\/span><\/p>\n<p class=\"m_78861087726671511x_MsoNormal\"><span lang=\"ES\">El diputado panista, Iv\u00e1n Pachuca Dom\u00ednguez pregunt\u00f3 sobre la cantidad de c\u00e1maras de video vigilancia existen y son \u00fatiles en la entidad, Almaz\u00e1n Cervantes respondi\u00f3 que solamente hay 750 en todo el estado; Acapulco cuenta con 650, hay 25 en iguala y 16 est\u00e1n colocadas en en Chilpancingo.<\/span><\/p>\n<p class=\"m_78861087726671511x_MsoNormal\"><span lang=\"ES\">En el futuro proyecta colocar 25 c\u00e1maras m\u00e1s en Zihuatanejo, en donde el estado actualmente no cuenta con sistema&nbsp;&nbsp;de vigilancia en video.<\/span><\/p>\n<p class=\"m_78861087726671511x_MsoNormal\"><span lang=\"ES\">Tambi\u00e9n dijo que hay acciones preventivas que se implementan de manera conjunta en contra de los grupos delictivos, particularmente contra los civiles armados que utilizan banderas de tipo social como fachadas para encubrir acciones il\u00edcitas.<\/span><\/p>\n<p class=\"m_78861087726671511x_MsoNormal\"><span lang=\"ES\">Asever\u00f3: \u201cHemos sido contundentes en frenar los delitos, en detener a los individuos que pretendan hacerse justicia por su propia mano, porque nadie debe estar por encima de la ley\u201d.<\/span><\/p>\n<p class=\"m_78861087726671511x_MsoNormal\"><span lang=\"ES\">Reconoci\u00f3 que en estos momentos, Guerrero est\u00e1 en el primer lugar a nivel nacional en homicidios dolosos, as\u00ed como en lo que se conoce como cr\u00edmenes de alto impacto.<\/span><\/p>\n<p class=\"m_78861087726671511x_MsoNormal\"><span lang=\"ES\">Por esa raz\u00f3n, dijo que de manera recurrente a solicitado que se incrementen los recursos canalizados al rubro de seguridad p\u00fablica.<\/span><\/p>\n<p class=\"m_78861087726671511x_MsoNormal\"><span lang=\"ES\">El diputado del PT, Jes\u00fas Mart\u00ednez Mart\u00ednez cuestion\u00f3 sobre las acciones que se implementan para evitar que haya extorsiones desde los penales de la entidad.<\/span><\/p>\n<p class=\"m_78861087726671511x_MsoNormal\"><span lang=\"ES\">El funcionario explic\u00f3 que de manera frecuente se realizan requisas sorpresivas, la mayor\u00eda en coordinaci\u00f3n con el Ej\u00e9rcito Mexicano y la Polic\u00eda Federal, para evitar la colusi\u00f3n de servidores p\u00fablicos del \u00e1mbito local.<\/span><\/p>\n<p class=\"m_78861087726671511x_MsoNormal\"><span lang=\"ES\">Tambi\u00e9n manifest\u00f3 que la dependencia gestionan equipos de manera constante&nbsp;&nbsp;para detectar aparatos y medios de comunicaci\u00f3n que permitan las extorsiones.<\/span><\/p>\n<p class=\"m_78861087726671511x_MsoNormal\"><span lang=\"ES\">Dichas acciones, dijo que se impulsan pese a la existencia de grupos sociales que abiertamente se manifiestan en contra de las revisiones en los ceresos.&nbsp;&nbsp;&nbsp;&nbsp;<\/span><\/p>\n<p class=\"m_78861087726671511x_MsoNormal\"><span lang=\"ES\">\u201cHemos incrementado anillos de seguridad, se colocan vallas de metal, echamos mano de instrumentos de revisi\u00f3n electr\u00f3nicos, como detectores de metal y equipamiento moderno para inhibir la comisi\u00f3n de delitos desde los ceresos\u201d, asever\u00f3.<\/span><\/p>\n<p class=\"m_78861087726671511x_MsoNormal\"><b><span lang=\"ES\">Polic\u00edas de diez<\/span><\/b><\/p>\n<p class=\"m_78861087726671511x_MsoNormal\"><span lang=\"ES\">En los cuestionamientos hechos por el coordinador del Movimiento Ciudadano (MC), Ricardo Mej\u00eda Berdeja, el general de brigada sostuvo que los elementos bajo su responsabilidad, son en muchos casos los que fungen como primer respondiente en hechos constitutivos de delito.<\/span><\/p>\n<p class=\"m_78861087726671511x_MsoNormal\"><span lang=\"ES\">El ser primer respondiente dijo que genera complicaciones para los elementos operativos, pues deben permanecer varias horas declarando en las agencias del Ministerio P\u00fablico.<\/span><\/p>\n<p class=\"m_78861087726671511x_MsoNormal\"><span lang=\"ES\">En casos como el de Chilapa, destac\u00f3 que la jornada del lunes se opt\u00f3 por redefinir la estrategia que se ven\u00eda implementando, para garantizar mejores resultados.<\/span><\/p>\n<p class=\"m_78861087726671511x_MsoNormal\"><span lang=\"ES\">Lo mismo ha sucedido en lugares como la sierra de Tlacotepec, la Tierra Caliente y Monta\u00f1a, de tal suerte que pese a las limitaciones, la polic\u00eda del estado se encuentra trabajando en todas las regiones.<\/span><\/p>\n<p class=\"m_78861087726671511x_MsoNormal\"><span lang=\"ES\">En la respuesta otorgada al diputado Berdeja, el titular de la SSP manifest\u00f3: \u201cA mis polic\u00edas le pongo un diez de calificaci\u00f3n y me siento orgulloso de ser su comandante\u201d.<\/span><\/p>\n<p class=\"m_78861087726671511x_MsoNormal\"><strong><span lang=\"ES\">Los municipios, ausentes<\/span><\/strong><\/p>\n<p class=\"m_78861087726671511x_MsoNormal\"><span lang=\"ES\">Ante los cuestionamientos del coordinador de la fracci\u00f3n parlamentaria del PVEM, Eduardo Ignacio Neil Cuevas, dijo que en la SSP tienen clara la aguda problem\u00e1tica social que enfrenta el estado, pues cada d\u00eda se tienen ni\u00f1os m\u00e1s j\u00f3venes consumiendo drogas y los embarazos se detectan a m\u00e1s corta edad.<\/span><\/p>\n<p class=\"m_78861087726671511x_MsoNormal\"><span lang=\"ES\">Por esa raz\u00f3n, destac\u00f3 que si la inseguridad es el principal problema, entonces debe ser el principal foco para canalizar recursos, despu\u00e9s habr\u00e1 condiciones para atender otras prioridades.<\/span><\/p>\n<p class=\"m_78861087726671511x_MsoNormal\"><span lang=\"ES\">El legislador del PVEM pregunt\u00f3 sobre el papel que juegan las polic\u00edas preventivas municipales, ante lo que el funcionario asegur\u00f3: \u201clas polic\u00edas municipales est\u00e1n completamente ausentes, hay municipios que tienen polic\u00edas, pero no est\u00e1 certificados y don de est\u00e1n certificados carecen de armamento\u201d.<\/span><\/p>\n<p class=\"m_78861087726671511x_MsoNormal\"><span lang=\"ES\">En otros municipios dijo que se tiene personal certificado, se cuenta con el equipo pero se carece de compromiso, por eso insisti\u00f3 en el hecho de que la polic\u00eda el estado debe contar con m\u00e1s efectivos y medios para trasladarse hacia diferentes puntos de la entidad.<\/span><\/p>\n<p class=\"m_78861087726671511x_MsoNormal\"><span lang=\"ES\">\u201cEs muy recurrente que ocurran hechos en la Sierra, Monta\u00f1a y que por las mismas condiciones nadie se entere sino hasta el otro d\u00eda, a\u00fan as\u00ed tenemos que movilizarnos para llegar, es cierto que debeos tener varios helic\u00f3pteros y no solo uno, hablamos de helic\u00f3pteros nuevos y modernos, para movernos hacia lugares donde se presentan los problemas\u201d.<\/span><\/p>\n","protected":false},"excerpt":{"rendered":"<p>Reprocha la ineficacia de las preventivas municipales y pide m\u00e1s helic\u00f3pteros modernos El titular de la Secretar\u00eda de Seguridad P\u00fablica (SSP) estatal, Pedro Almaz\u00e1n Cervantes calific\u00f3 con un diez a&hellip; <\/p>\n","protected":false},"author":1,"featured_media":0,"comment_status":"closed","ping_status":"closed","sticky":false,"template":"","format":"standard","meta":{"fifu_image_url":"","fifu_image_alt":"","footnotes":""},"categories":[2,8],"tags":[],"class_list":["post-10192","post","type-post","status-publish","format-standard","hentry","category-congreso","category-featured"],"_links":{"self":[{"href":"https:\/\/www.interaccionnoticias.com.mx\/index.php?rest_route=\/wp\/v2\/posts\/10192","targetHints":{"allow":["GET"]}}],"collection":[{"href":"https:\/\/www.interaccionnoticias.com.mx\/index.php?rest_route=\/wp\/v2\/posts"}],"about":[{"href":"https:\/\/www.interaccionnoticias.com.mx\/index.php?rest_route=\/wp\/v2\/types\/post"}],"author":[{"embeddable":true,"href":"https:\/\/www.interaccionnoticias.com.mx\/index.php?rest_route=\/wp\/v2\/users\/1"}],"replies":[{"embeddable":true,"href":"https:\/\/www.interaccionnoticias.com.mx\/index.php?rest_route=%2Fwp%2Fv2%2Fcomments&post=10192"}],"version-history":[{"count":0,"href":"https:\/\/www.interaccionnoticias.com.mx\/index.php?rest_route=\/wp\/v2\/posts\/10192\/revisions"}],"wp:attachment":[{"href":"https:\/\/www.interaccionnoticias.com.mx\/index.php?rest_route=%2Fwp%2Fv2%2Fmedia&parent=10192"}],"wp:term":[{"taxonomy":"category","embeddable":true,"href":"https:\/\/www.interaccionnoticias.com.mx\/index.php?rest_route=%2Fwp%2Fv2%2Fcategories&post=10192"},{"taxonomy":"post_tag","embeddable":true,"href":"https:\/\/www.interaccionnoticias.com.mx\/index.php?rest_route=%2Fwp%2Fv2%2Ftags&post=10192"}],"curies":[{"name":"wp","href":"https:\/\/api.w.org\/{rel}","templated":true}]}}