{"id":101157,"date":"2026-03-12T12:34:36","date_gmt":"2026-03-12T19:34:36","guid":{"rendered":"https:\/\/www.interaccionnoticias.com.mx\/?p=101157"},"modified":"2026-03-12T12:34:38","modified_gmt":"2026-03-12T19:34:38","slug":"activan-alerta-amber-por-la-desaparicion-de-adolescente-en-chilpancingo","status":"publish","type":"post","link":"https:\/\/www.interaccionnoticias.com.mx\/?p=101157","title":{"rendered":"Activan Alerta Amber por la desaparici\u00f3n de adolescente en Chilpancingo"},"content":{"rendered":"\n<p><strong><em>&#8212; Cristopher Evan S\u00e1nchez Reyna fue visto por \u00faltima vez el 11 de marzo en la capital<br>&#8212; Es alumno del Colegio de Bachilleres<\/em><\/strong><\/p>\n\n\n\n<p><strong>Interacci\u00f3n Noticias<\/strong><\/p>\n\n\n\n<p>La Fiscal\u00eda General del Estado (FGE) activ\u00f3 una Alerta Amber para localizar al adolescente Cristopher Evan S\u00e1nchez Reyna, alumno del Colegio de Bachilleres de 16 a\u00f1os de edad, quien fue reportado como desaparecido en la capital de Guerrero.<\/p>\n\n\n\n<p>De acuerdo con la ficha de b\u00fasqueda, el menor fue visto por \u00faltima vez el 11 de marzo de 2026 en Chilpancingo y hasta el momento se desconoce su paradero, por lo que se teme que sea v\u00edctima de un delito.<\/p>\n\n\n\n<p>Cristopher Evan naci\u00f3 el 8 de enero de 2010, es de nacionalidad mexicana, de tez morena clara y complexi\u00f3n delgada. Tiene cabello lacio color negro, cejas pobladas, ojos grandes color caf\u00e9 oscuro, nariz de base ancha, boca mediana y labios delgados.<\/p>\n\n\n\n<p>Como se\u00f1a particular, el adolescente presenta una cicatriz de aproximadamente un cent\u00edmetro en el p\u00f3mulo derecho.<\/p>\n\n\n\n<p>La Fiscal\u00eda solicit\u00f3 el apoyo de la ciudadan\u00eda para aportar cualquier informaci\u00f3n que permita dar con su paradero.<\/p>\n\n\n\n<p>Entre los datos adicionales del caso, se destaca que es alumno del plantel 1 del Colegio de Bachilleres, cuya comunidad estudiantil y planta docente ha dado difusi\u00f3n a la ficha de b\u00fasqueda para colaborar con su posible localizaci\u00f3n.<\/p>\n","protected":false},"excerpt":{"rendered":"<p>&#8212; Cristopher Evan S\u00e1nchez Reyna fue visto por \u00faltima vez el 11 de marzo en la capital&#8212; Es alumno del Colegio de Bachilleres Interacci\u00f3n Noticias La Fiscal\u00eda General del Estado&hellip; <\/p>\n","protected":false},"author":19,"featured_media":101160,"comment_status":"open","ping_status":"open","sticky":false,"template":"","format":"standard","meta":{"fifu_image_url":"https:\/\/www.interaccionnoticias.com.mx\/wp-content\/uploads\/2026\/03\/260312-Evan-Sanchez-Reyna.jpg","fifu_image_alt":"","footnotes":""},"categories":[247],"tags":[],"class_list":["post-101157","post","type-post","status-publish","format-standard","has-post-thumbnail","hentry","category-lo-has-visto"],"_links":{"self":[{"href":"https:\/\/www.interaccionnoticias.com.mx\/index.php?rest_route=\/wp\/v2\/posts\/101157","targetHints":{"allow":["GET"]}}],"collection":[{"href":"https:\/\/www.interaccionnoticias.com.mx\/index.php?rest_route=\/wp\/v2\/posts"}],"about":[{"href":"https:\/\/www.interaccionnoticias.com.mx\/index.php?rest_route=\/wp\/v2\/types\/post"}],"author":[{"embeddable":true,"href":"https:\/\/www.interaccionnoticias.com.mx\/index.php?rest_route=\/wp\/v2\/users\/19"}],"replies":[{"embeddable":true,"href":"https:\/\/www.interaccionnoticias.com.mx\/index.php?rest_route=%2Fwp%2Fv2%2Fcomments&post=101157"}],"version-history":[{"count":1,"href":"https:\/\/www.interaccionnoticias.com.mx\/index.php?rest_route=\/wp\/v2\/posts\/101157\/revisions"}],"predecessor-version":[{"id":101159,"href":"https:\/\/www.interaccionnoticias.com.mx\/index.php?rest_route=\/wp\/v2\/posts\/101157\/revisions\/101159"}],"wp:featuredmedia":[{"embeddable":true,"href":"https:\/\/www.interaccionnoticias.com.mx\/index.php?rest_route=\/wp\/v2\/media\/101160"}],"wp:attachment":[{"href":"https:\/\/www.interaccionnoticias.com.mx\/index.php?rest_route=%2Fwp%2Fv2%2Fmedia&parent=101157"}],"wp:term":[{"taxonomy":"category","embeddable":true,"href":"https:\/\/www.interaccionnoticias.com.mx\/index.php?rest_route=%2Fwp%2Fv2%2Fcategories&post=101157"},{"taxonomy":"post_tag","embeddable":true,"href":"https:\/\/www.interaccionnoticias.com.mx\/index.php?rest_route=%2Fwp%2Fv2%2Ftags&post=101157"}],"curies":[{"name":"wp","href":"https:\/\/api.w.org\/{rel}","templated":true}]}}