{"id":101153,"date":"2026-03-12T12:02:18","date_gmt":"2026-03-12T19:02:18","guid":{"rendered":"https:\/\/www.interaccionnoticias.com.mx\/?p=101153"},"modified":"2026-03-12T12:02:19","modified_gmt":"2026-03-12T19:02:19","slug":"agandalle-el-calendario-interno-de-morena-para-seleccionar-a-sus-coordinadores","status":"publish","type":"post","link":"https:\/\/www.interaccionnoticias.com.mx\/?p=101153","title":{"rendered":"\u201cAgandalle\u201d el calendario interno de MORENA para seleccionar a sus \u201ccoordinadores\u201d"},"content":{"rendered":"\n<p><strong><em>&#8212; Les permitir\u00e1 posicionar a sus cuadros meses antes del proceso electoral 2027<br>&#8212; La decisi\u00f3n, una muestra de que tienen un desgaste pol\u00edtico y social muy avanzado<\/em><\/strong><\/p>\n\n\n\n<p><strong>Rogelio Agust\u00edn<\/strong><\/p>\n\n\n\n<p>La diputada local por Movimiento Ciudadano (MC), Erika Lorena L\u00fchrs Cort\u00e9s sostuvo que el procedimiento interno aprobado por MORENA para seleccionar a sus coordinadores estatales y municipales resulta violatorio de la ley, pues les permite posicionar a quienes ser\u00e1n sus candidatos con meses de ventaja sobre sus posibles contendientes.<\/p>\n\n\n\n<p>Para la representante de MC ante la Junta de Coordinaci\u00f3n Pol\u00edtica (JUCOPO) en el Congreso local, el calendario interno de MORENA tambi\u00e9n se puede calificar como un \u201cagandalle\u201d, porque genera inequidad y desventaja.<\/p>\n\n\n\n<p>Explic\u00f3: \u201cEso de adelantar tanto los tiempos viola la Constituci\u00f3n Pol\u00edtica y los tiempos electorales, porque hacen su calendario desde junio\u201d.<\/p>\n\n\n\n<p>No obstante, consider\u00f3 que es una muestra del avanzado proceso de desgaste que enfrenta el partido en el gobierno, apenas a siete a\u00f1os de haberse instalado en el poder.<\/p>\n\n\n\n<p>\u201cEllos saben que la gente ya no est\u00e1 del todo contenta con lo que sucede, por eso creen que necesitan m\u00e1s tiempo para convencer al electorado y hasta a sus propias bases\u201d.<\/p>\n\n\n\n<p>Enfatiz\u00f3: \u201cEs un agandalle de los tiempos electorales, que se comiencen a promover meses antes de lo que marca la legislaci\u00f3n electoral vigente\u201d.<\/p>\n\n\n\n<p>Insisti\u00f3 en que se trata de una actitud hasta grosera, ya que se intenta sacar ventaja en el proceso electoral, aunque sostiene que en ese intento de posicionarse, se admite que ya est\u00e1n en un proceso de desgaste muy avanzado<\/p>\n\n\n\n<p>Destac\u00f3 que a nivel nacional MC ha resuelto no ir en coalici\u00f3n con ning\u00fan otro partido pol\u00edtico.<\/p>\n\n\n\n<p>Record\u00f3 que el PAN en Guerrero nunca ha dejado de ser una fuerza emergente, el PRD a nivel nacional perdi\u00f3 su registro y en el estado lucha por sobrevivir, en tanto que el PRI se desenvuelve en medio de un desgaste may\u00fasculo.<\/p>\n\n\n\n<p>\u201cEn los hechos est\u00e1n peleando por su supervivencia, en tanto que MC es una fuerza que va para arriba, no necesitamos ir en alianza con partidos que no representan nada nuevo\u201d, asever\u00f3.<\/p>\n","protected":false},"excerpt":{"rendered":"<p>&#8212; Les permitir\u00e1 posicionar a sus cuadros meses antes del proceso electoral 2027&#8212; La decisi\u00f3n, una muestra de que tienen un desgaste pol\u00edtico y social muy avanzado Rogelio Agust\u00edn La&hellip; <\/p>\n","protected":false},"author":21,"featured_media":101156,"comment_status":"open","ping_status":"open","sticky":false,"template":"","format":"standard","meta":{"fifu_image_url":"https:\/\/www.interaccionnoticias.com.mx\/wp-content\/uploads\/2026\/03\/260312-Erika-Lorena-Luhrs-Cortes.jpg","fifu_image_alt":"","footnotes":""},"categories":[21],"tags":[],"class_list":["post-101153","post","type-post","status-publish","format-standard","has-post-thumbnail","hentry","category-politica"],"_links":{"self":[{"href":"https:\/\/www.interaccionnoticias.com.mx\/index.php?rest_route=\/wp\/v2\/posts\/101153","targetHints":{"allow":["GET"]}}],"collection":[{"href":"https:\/\/www.interaccionnoticias.com.mx\/index.php?rest_route=\/wp\/v2\/posts"}],"about":[{"href":"https:\/\/www.interaccionnoticias.com.mx\/index.php?rest_route=\/wp\/v2\/types\/post"}],"author":[{"embeddable":true,"href":"https:\/\/www.interaccionnoticias.com.mx\/index.php?rest_route=\/wp\/v2\/users\/21"}],"replies":[{"embeddable":true,"href":"https:\/\/www.interaccionnoticias.com.mx\/index.php?rest_route=%2Fwp%2Fv2%2Fcomments&post=101153"}],"version-history":[{"count":1,"href":"https:\/\/www.interaccionnoticias.com.mx\/index.php?rest_route=\/wp\/v2\/posts\/101153\/revisions"}],"predecessor-version":[{"id":101155,"href":"https:\/\/www.interaccionnoticias.com.mx\/index.php?rest_route=\/wp\/v2\/posts\/101153\/revisions\/101155"}],"wp:featuredmedia":[{"embeddable":true,"href":"https:\/\/www.interaccionnoticias.com.mx\/index.php?rest_route=\/wp\/v2\/media\/101156"}],"wp:attachment":[{"href":"https:\/\/www.interaccionnoticias.com.mx\/index.php?rest_route=%2Fwp%2Fv2%2Fmedia&parent=101153"}],"wp:term":[{"taxonomy":"category","embeddable":true,"href":"https:\/\/www.interaccionnoticias.com.mx\/index.php?rest_route=%2Fwp%2Fv2%2Fcategories&post=101153"},{"taxonomy":"post_tag","embeddable":true,"href":"https:\/\/www.interaccionnoticias.com.mx\/index.php?rest_route=%2Fwp%2Fv2%2Ftags&post=101153"}],"curies":[{"name":"wp","href":"https:\/\/api.w.org\/{rel}","templated":true}]}}