{"id":101109,"date":"2026-03-11T15:03:06","date_gmt":"2026-03-11T22:03:06","guid":{"rendered":"https:\/\/www.interaccionnoticias.com.mx\/?p=101109"},"modified":"2026-03-11T15:03:07","modified_gmt":"2026-03-11T22:03:07","slug":"por-problemas-de-agenda-el-alcalde-de-chilpancingo-no-ha-podido-dialogar-con-comisarios-de-la-sierra","status":"publish","type":"post","link":"https:\/\/www.interaccionnoticias.com.mx\/?p=101109","title":{"rendered":"Por problemas de agenda, el alcalde de Chilpancingo no ha podido dialogar con comisarios de la Sierra"},"content":{"rendered":"\n<p><em><strong>&#8212; El alcalde Gustavo Alarc\u00f3n se\u00f1ala que es dif\u00edcil coincidir con la agenda del Gobierno estatal<br>&#8212; Habitantes de 14 comunidades serranas mantienen cerradas las v\u00e1lvulas del sistema Omiltemi<\/strong><\/em><\/p>\n\n\n\n<p><strong>Rosario Garc\u00eda Orozco<\/strong><\/p>\n\n\n\n<p>A casi una semana del cierre de las v\u00e1lvulas del sistema de agua de Omiltemi, el alcalde Gustavo Alarc\u00f3n Herrera explic\u00f3 que una de las razones por las que no se ha presentad personalmente a dialogar, es la dificultad de coincidir en agenda con el gobierno estatal.<\/p>\n\n\n\n<p>\u201cEl problema es que a veces es muy dif\u00edcil tener una agenda conjunta con el gobierno del estado; incluso entre nosotros mismos se complica. Pero s\u00ed hemos estado presentes en esas zonas acompa\u00f1ando a la gobernadora en distintos recorridos\u201d, afirm\u00f3 en entrevista telef\u00f3nica.<\/p>\n\n\n\n<p>El edil capitalino asegur\u00f3 que el gobierno municipal no ha dejado de atender a las comunidades de la sierra y que incluso se envi\u00f3 maquinaria para iniciar trabajos para mejorar las condiciones de varios caminos; sin embargo, se\u00f1al\u00f3 que los habitantes no permitieron su uso.<\/p>\n\n\n\n<p>\u201cMandamos maquinaria para empezar a trabajar y no la quisieron; no entiendo por qu\u00e9, no hay manera de justificar que no se quieran hacer las cosas\u201d, expres\u00f3.<\/p>\n\n\n\n<p>Alarc\u00f3n Herrera sostuvo que existe disposici\u00f3n para atender las demandas de las comunidades, aunque precis\u00f3 que varias de las peticiones corresponden a los gobiernos estatal y federal, y no directamente al municipio.<\/p>\n\n\n\n<p>Agreg\u00f3 que el ayuntamiento ha brindado apoyo constante a las comunidades, incluso en actividades comunitarias y festividades, y record\u00f3 que anteriormente se acord\u00f3 que los habitantes definieran en asamblea las obras prioritarias para evitar duplicidad en proyectos.<\/p>\n\n\n\n<p>No obstante, reconoci\u00f3 que el a\u00f1o pasado varios trabajos de obra p\u00fablica se detuvieron debido a los problemas de violencia e inseguridad que se registraron en Chilpancingo, situaci\u00f3n en la que incluso fue incendiada maquinaria pesada del gobierno municipal.<\/p>\n\n\n\n<p>El alcalde tambi\u00e9n advirti\u00f3 que la toma de las v\u00e1lvulas del sistema Omiltemi podr\u00eda configurar un delito, sobre todo si se condiciona la apertura del suministro de agua a cambio de la realizaci\u00f3n de obras.<\/p>\n\n\n\n<p>Asimismo, plante\u00f3 que los representantes de las comunidades podr\u00edan acudir a la capital del estado para dialogar con las autoridades municipales y avanzar en las gestiones necesarias.<\/p>\n\n\n\n<p>El primer edil del municipio lament\u00f3 que la protesta est\u00e9 afectando a la poblaci\u00f3n de Chilpancingo, ya que el cierre del suministro complica el abasto de agua en plena temporada de estiaje y genera mayores gastos para la Comisi\u00f3n de Agua Potable y Alcantarillado de Chilpancingo (Capach), debido al incremento en el bombeo de agua y el consecuente aumento en el pago de energ\u00eda el\u00e9ctrica a la Comisi\u00f3n Federal de Electricidad (CFE).<\/p>\n","protected":false},"excerpt":{"rendered":"<p>&#8212; El alcalde Gustavo Alarc\u00f3n se\u00f1ala que es dif\u00edcil coincidir con la agenda del Gobierno estatal&#8212; Habitantes de 14 comunidades serranas mantienen cerradas las v\u00e1lvulas del sistema Omiltemi Rosario Garc\u00eda&hellip; <\/p>\n","protected":false},"author":14,"featured_media":101112,"comment_status":"open","ping_status":"open","sticky":false,"template":"","format":"standard","meta":{"fifu_image_url":"https:\/\/www.interaccionnoticias.com.mx\/wp-content\/uploads\/2026\/03\/260311-Gustavo-Alarcon-Herrera.jpg","fifu_image_alt":"","footnotes":""},"categories":[13],"tags":[],"class_list":["post-101109","post","type-post","status-publish","format-standard","has-post-thumbnail","hentry","category-capital"],"_links":{"self":[{"href":"https:\/\/www.interaccionnoticias.com.mx\/index.php?rest_route=\/wp\/v2\/posts\/101109","targetHints":{"allow":["GET"]}}],"collection":[{"href":"https:\/\/www.interaccionnoticias.com.mx\/index.php?rest_route=\/wp\/v2\/posts"}],"about":[{"href":"https:\/\/www.interaccionnoticias.com.mx\/index.php?rest_route=\/wp\/v2\/types\/post"}],"author":[{"embeddable":true,"href":"https:\/\/www.interaccionnoticias.com.mx\/index.php?rest_route=\/wp\/v2\/users\/14"}],"replies":[{"embeddable":true,"href":"https:\/\/www.interaccionnoticias.com.mx\/index.php?rest_route=%2Fwp%2Fv2%2Fcomments&post=101109"}],"version-history":[{"count":1,"href":"https:\/\/www.interaccionnoticias.com.mx\/index.php?rest_route=\/wp\/v2\/posts\/101109\/revisions"}],"predecessor-version":[{"id":101111,"href":"https:\/\/www.interaccionnoticias.com.mx\/index.php?rest_route=\/wp\/v2\/posts\/101109\/revisions\/101111"}],"wp:featuredmedia":[{"embeddable":true,"href":"https:\/\/www.interaccionnoticias.com.mx\/index.php?rest_route=\/wp\/v2\/media\/101112"}],"wp:attachment":[{"href":"https:\/\/www.interaccionnoticias.com.mx\/index.php?rest_route=%2Fwp%2Fv2%2Fmedia&parent=101109"}],"wp:term":[{"taxonomy":"category","embeddable":true,"href":"https:\/\/www.interaccionnoticias.com.mx\/index.php?rest_route=%2Fwp%2Fv2%2Fcategories&post=101109"},{"taxonomy":"post_tag","embeddable":true,"href":"https:\/\/www.interaccionnoticias.com.mx\/index.php?rest_route=%2Fwp%2Fv2%2Ftags&post=101109"}],"curies":[{"name":"wp","href":"https:\/\/api.w.org\/{rel}","templated":true}]}}