{"id":101093,"date":"2026-03-11T13:21:38","date_gmt":"2026-03-11T20:21:38","guid":{"rendered":"https:\/\/www.interaccionnoticias.com.mx\/?p=101093"},"modified":"2026-03-11T13:21:39","modified_gmt":"2026-03-11T20:21:39","slug":"justificada-la-protesta-de-habitantes-de-la-sierra-de-chilpancingo-hector-suarez-basurto","status":"publish","type":"post","link":"https:\/\/www.interaccionnoticias.com.mx\/?p=101093","title":{"rendered":"Justificada la protesta de habitantes de la Sierra de Chilpancingo: H\u00e9ctor Su\u00e1rez Basurto"},"content":{"rendered":"\n<p><em><strong>&#8212; El diputado morenista sostuvo que en esa zona hay abandono en caminos, salud, educaci\u00f3n y electrificaci\u00f3n<\/strong><\/em><\/p>\n\n\n\n<p><strong>Rosario Garc\u00eda Orozco<\/strong><\/p>\n\n\n\n<p>El diputado local de Morena,&nbsp;H\u00e9ctor Su\u00e1rez Basurto, consider\u00f3 que est\u00e1 justificada la protesta que mantienen habitantes de comunidades de la Sierra de&nbsp;Chilpancingo, quienes desde el viernes pasado realizan movilizaciones que incluyen el cierre de las v\u00e1lvulas de las redes que abastecen de agua a la capital del estado.<\/p>\n\n\n\n<p>En entrevista, el legislador se\u00f1al\u00f3 que ha estado atento a las necesidades de los pobladores y asegur\u00f3 que tienen raz\u00f3n en exigir mejores condiciones en servicios b\u00e1sicos, infraestructura carretera, salud y educaci\u00f3n.<\/p>\n\n\n\n<p>Indic\u00f3 que recientemente dialog\u00f3 con comisarios de la regi\u00f3n, quienes demandan la rehabilitaci\u00f3n de la carretera que conecta a&nbsp;Amojileca&nbsp;con&nbsp;Jaleaca de Catal\u00e1n&nbsp;y&nbsp;Omiltemi, y explic\u00f3 que, aunque en algunos tramos existe carpeta asf\u00e1ltica, \u00e9sta se encuentra en muy malas condiciones.<\/p>\n\n\n\n<p>Mencion\u00f3 que los sierre\u00f1os tambi\u00e9n cuestionan por qu\u00e9 no se ha ejecutado el presupuesto que el gobierno federal habr\u00eda destinado para la construcci\u00f3n de caminos artesanales en esa zona.<\/p>\n\n\n\n<p>Entre otras inconformidades, Su\u00e1rez Basurto mencion\u00f3 que los pobladores denuncian que no todos los maestros cumplen con sus labores, pues algunos s\u00f3lo acuden a las escuelas los martes y regresan a la cabecera el mi\u00e9rcoles, cuando las clases deber\u00edan impartirse de lunes a viernes.<\/p>\n\n\n\n<p>Adem\u00e1s, se\u00f1al\u00f3 que otra de las demandas es la ampliaci\u00f3n de la red el\u00e9ctrica en diversas localidades que a\u00fan carecen de este servicio, al tratarse \u2014dijo\u2014 de un derecho humano b\u00e1sico.<\/p>\n\n\n\n<p>El legislador local tambi\u00e9n alert\u00f3 sobre la situaci\u00f3n de los centros de salud en la sierra, los cuales \u2014afirm\u00f3\u2014 se encuentran abandonados por parte del ayuntamiento de Chilpancingo.<\/p>\n\n\n\n<p>Record\u00f3 que cada comunidad deber\u00eda contar con una casa de salud, pero actualmente s\u00f3lo cuatro o cinco localidades tienen ese servicio, lo que complica la atenci\u00f3n m\u00e9dica de poblaciones que se encuentran en zonas muy alejadas.<\/p>\n\n\n\n<p>\u201cPor eso el movimiento de los habitantes de la Sierra est\u00e1 justificado, porque los tienen abandonados\u201d, expres\u00f3.<\/p>\n\n\n\n<p>Recientemente, la diputada priista&nbsp;Beatriz V\u00e9lez N\u00fa\u00f1ez&nbsp;inform\u00f3 que hace siete a\u00f1os desapareci\u00f3 el programa de brigadas m\u00e9dicas que atend\u00eda a comunidades apartadas, por lo que H\u00e9ctor Su\u00e1rez consider\u00f3 necesario que dicho esquema sea retomado en Guerrero.<\/p>\n\n\n\n<p>Reconoci\u00f3 que la gobernadora&nbsp;Evelyn Salgado Pineda&nbsp;ha acudido a la Sierra para impulsar proyectos productivos; sin embargo, insisti\u00f3 en que el tema de los caminos requiere atenci\u00f3n urgente para responder a una de las principales demandas de los habitantes de la regi\u00f3n.<\/p>\n","protected":false},"excerpt":{"rendered":"<p>&#8212; El diputado morenista sostuvo que en esa zona hay abandono en caminos, salud, educaci\u00f3n y electrificaci\u00f3n Rosario Garc\u00eda Orozco El diputado local de Morena,&nbsp;H\u00e9ctor Su\u00e1rez Basurto, consider\u00f3 que est\u00e1&hellip; <\/p>\n","protected":false},"author":14,"featured_media":101096,"comment_status":"open","ping_status":"open","sticky":false,"template":"","format":"standard","meta":{"fifu_image_url":"https:\/\/www.interaccionnoticias.com.mx\/wp-content\/uploads\/2026\/03\/260311-Hector-Suarez-Basurto.jpg","fifu_image_alt":"","footnotes":""},"categories":[2],"tags":[],"class_list":["post-101093","post","type-post","status-publish","format-standard","has-post-thumbnail","hentry","category-congreso"],"_links":{"self":[{"href":"https:\/\/www.interaccionnoticias.com.mx\/index.php?rest_route=\/wp\/v2\/posts\/101093","targetHints":{"allow":["GET"]}}],"collection":[{"href":"https:\/\/www.interaccionnoticias.com.mx\/index.php?rest_route=\/wp\/v2\/posts"}],"about":[{"href":"https:\/\/www.interaccionnoticias.com.mx\/index.php?rest_route=\/wp\/v2\/types\/post"}],"author":[{"embeddable":true,"href":"https:\/\/www.interaccionnoticias.com.mx\/index.php?rest_route=\/wp\/v2\/users\/14"}],"replies":[{"embeddable":true,"href":"https:\/\/www.interaccionnoticias.com.mx\/index.php?rest_route=%2Fwp%2Fv2%2Fcomments&post=101093"}],"version-history":[{"count":1,"href":"https:\/\/www.interaccionnoticias.com.mx\/index.php?rest_route=\/wp\/v2\/posts\/101093\/revisions"}],"predecessor-version":[{"id":101095,"href":"https:\/\/www.interaccionnoticias.com.mx\/index.php?rest_route=\/wp\/v2\/posts\/101093\/revisions\/101095"}],"wp:featuredmedia":[{"embeddable":true,"href":"https:\/\/www.interaccionnoticias.com.mx\/index.php?rest_route=\/wp\/v2\/media\/101096"}],"wp:attachment":[{"href":"https:\/\/www.interaccionnoticias.com.mx\/index.php?rest_route=%2Fwp%2Fv2%2Fmedia&parent=101093"}],"wp:term":[{"taxonomy":"category","embeddable":true,"href":"https:\/\/www.interaccionnoticias.com.mx\/index.php?rest_route=%2Fwp%2Fv2%2Fcategories&post=101093"},{"taxonomy":"post_tag","embeddable":true,"href":"https:\/\/www.interaccionnoticias.com.mx\/index.php?rest_route=%2Fwp%2Fv2%2Ftags&post=101093"}],"curies":[{"name":"wp","href":"https:\/\/api.w.org\/{rel}","templated":true}]}}