{"id":101060,"date":"2026-03-10T11:24:49","date_gmt":"2026-03-10T18:24:49","guid":{"rendered":"https:\/\/www.interaccionnoticias.com.mx\/?p=101060"},"modified":"2026-03-10T11:24:51","modified_gmt":"2026-03-10T18:24:51","slug":"atacan-a-un-hombre-y-lo-matan-de-un-machetazo","status":"publish","type":"post","link":"https:\/\/www.interaccionnoticias.com.mx\/?p=101060","title":{"rendered":"Atacan a un hombre y lo matan de un machetazo"},"content":{"rendered":"\n<p><em><strong>&#8212; Hechos ocurridos en Ampliaci\u00f3n Praderas de Costa Azul<br>&#8212; Segundo d\u00eda de violencia en Acapulco<\/strong><\/em><\/p>\n\n\n\n<p><strong>Javier Trujillo<\/strong><\/p>\n\n\n\n<p>Acapulco, Gro.- La madrugada de este martes, fue arrojado el cuerpo de un hombre sin vida, en la parte alta de la colonia Ampliaci\u00f3n Praderas de Costa Azul, zona urbana de Acapulco.<\/p>\n\n\n\n<p>Los hechos fueron reportados al Centro de Control, Comando, Comunicaci\u00f3n y C\u00f3mputo (C-5), aproximadamente a las 06:15 horas, ah\u00ed estaba el cuerpo de un hombre sin vida.<\/p>\n\n\n\n<p>En la escena del cr\u00edmen estaba el cuerpo y presentaba un corte en la nuca, tambi\u00e9n se le conoce como regi\u00f3n occipital, tras la inspecci\u00f3n del cad\u00e1ver por personal de los Servicios Periciales.<\/p>\n\n\n\n<p>Tras las primeras diligencias, se\u00f1alan que la v\u00edctima presenta una herida corto-contuso, y no se encontraron otros indicios en el \u00e1rea acordonada, por lo que se presume ah\u00ed fue arrojado el del sujeto de aproximadamente 60 a\u00f1os de edad.<\/p>\n\n\n\n<p>Durante la inspecci\u00f3n corporal, se dieron por concluidas las diligencias y se orden\u00f3 el traslado del cuerpo al Servicio M\u00e9dico Forense (SEMEFO) para la pr\u00e1ctica de la necropsia.<\/p>\n\n\n\n<p>Cabe mencionar que a la escena del cr\u00edmen arribaron efectivos de Guardia Nacional y agentes de la Polic\u00eda Investigadora Ministerial, as\u00ed como polic\u00edas municipales quienes acordonaron la escena.<\/p>\n\n\n\n<p>Se indica que en las \u00faltimas 24 horas un taxista y un ciudadano fueron privados de la vida en este destino tur\u00edstico.<\/p>\n","protected":false},"excerpt":{"rendered":"<p>&#8212; Hechos ocurridos en Ampliaci\u00f3n Praderas de Costa Azul&#8212; Segundo d\u00eda de violencia en Acapulco Javier Trujillo Acapulco, Gro.- La madrugada de este martes, fue arrojado el cuerpo de un&hellip; <\/p>\n","protected":false},"author":3,"featured_media":101063,"comment_status":"open","ping_status":"open","sticky":false,"template":"","format":"standard","meta":{"fifu_image_url":"https:\/\/www.interaccionnoticias.com.mx\/wp-content\/uploads\/2026\/03\/260310-machetazo.jpg","fifu_image_alt":"","footnotes":""},"categories":[27],"tags":[],"class_list":["post-101060","post","type-post","status-publish","format-standard","has-post-thumbnail","hentry","category-seguridad-publica"],"_links":{"self":[{"href":"https:\/\/www.interaccionnoticias.com.mx\/index.php?rest_route=\/wp\/v2\/posts\/101060","targetHints":{"allow":["GET"]}}],"collection":[{"href":"https:\/\/www.interaccionnoticias.com.mx\/index.php?rest_route=\/wp\/v2\/posts"}],"about":[{"href":"https:\/\/www.interaccionnoticias.com.mx\/index.php?rest_route=\/wp\/v2\/types\/post"}],"author":[{"embeddable":true,"href":"https:\/\/www.interaccionnoticias.com.mx\/index.php?rest_route=\/wp\/v2\/users\/3"}],"replies":[{"embeddable":true,"href":"https:\/\/www.interaccionnoticias.com.mx\/index.php?rest_route=%2Fwp%2Fv2%2Fcomments&post=101060"}],"version-history":[{"count":1,"href":"https:\/\/www.interaccionnoticias.com.mx\/index.php?rest_route=\/wp\/v2\/posts\/101060\/revisions"}],"predecessor-version":[{"id":101062,"href":"https:\/\/www.interaccionnoticias.com.mx\/index.php?rest_route=\/wp\/v2\/posts\/101060\/revisions\/101062"}],"wp:featuredmedia":[{"embeddable":true,"href":"https:\/\/www.interaccionnoticias.com.mx\/index.php?rest_route=\/wp\/v2\/media\/101063"}],"wp:attachment":[{"href":"https:\/\/www.interaccionnoticias.com.mx\/index.php?rest_route=%2Fwp%2Fv2%2Fmedia&parent=101060"}],"wp:term":[{"taxonomy":"category","embeddable":true,"href":"https:\/\/www.interaccionnoticias.com.mx\/index.php?rest_route=%2Fwp%2Fv2%2Fcategories&post=101060"},{"taxonomy":"post_tag","embeddable":true,"href":"https:\/\/www.interaccionnoticias.com.mx\/index.php?rest_route=%2Fwp%2Fv2%2Ftags&post=101060"}],"curies":[{"name":"wp","href":"https:\/\/api.w.org\/{rel}","templated":true}]}}