{"id":101001,"date":"2026-03-09T14:11:40","date_gmt":"2026-03-09T21:11:40","guid":{"rendered":"https:\/\/www.interaccionnoticias.com.mx\/?p=101001"},"modified":"2026-03-09T14:11:41","modified_gmt":"2026-03-09T21:11:41","slug":"fuerte-incendio-en-la-autopista-del-sol","status":"publish","type":"post","link":"https:\/\/www.interaccionnoticias.com.mx\/?p=101001","title":{"rendered":"Fuerte incendio en la Autopista del Sol"},"content":{"rendered":"\n<p><strong><em>&#8212; Los automovilistas alertan por la posibilidad de riesgos<\/em><\/strong><\/p>\n\n\n\n<p><strong>Cristina Serrano<\/strong><\/p>\n\n\n\n<p>Un fuerte incendio se registra en distintos puntos de la Autopista del Sol, en el tramo Chilpancingo \u2013 Acapulco a la altura del kil\u00f3metro 362, antes de llegar a la caseta de cobro de La Venta, donde el fuego contin\u00faa avanzando y consumiendo amplias \u00e1reas de terreno.<\/p>\n\n\n\n<p>De acuerdo con reportes de automovilistas que circulan por esta importante v\u00eda de comunicaci\u00f3n, las llamas se observan en varios puntos a la orilla de la carretera, generando columnas de humo visibles a varios kil\u00f3metros, lo que ha comenzado a afectar la visibilidad de quienes transitan por la zona.<\/p>\n\n\n\n<p>Testigos se\u00f1alaron que hasta el momento no se observa presencia de cuerpos de emergencia, como elementos de bomberos o personal de Protecci\u00f3n Civil, mientras el incendio contin\u00faa propag\u00e1ndose entre la vegetaci\u00f3n.<\/p>\n\n\n\n<p>Ell humo y la cercan\u00eda del fuego a la carpeta asf\u00e1ltica representan un riesgo para la circulaci\u00f3n, especialmente en este tramo que conecta a la capital del estado con el puerto de Acapulco.<\/p>\n\n\n\n<p>Ante esta situaci\u00f3n, automovilistas han hecho un llamado urgente a las autoridades correspondientes para que se atienda el siniestro y se tomen las medidas necesarias que permitan controlar el fuego y garantizar la seguridad de quienes transitan por esta carretera.<\/p>\n\n\n\n<figure class=\"wp-block-gallery has-nested-images columns-default is-cropped wp-block-gallery-1 is-layout-flex wp-block-gallery-is-layout-flex\">\n<figure class=\"wp-block-image size-large\"><img decoding=\"async\" src=\"data:image\/gif;base64,R0lGODlhAQABAIAAAAAAAP\/\/\/ywAAAAAAQABAAACAUwAOw==\" fifu-lazy=\"1\" fifu-data-sizes=\"auto\" fifu-data-srcset=\"https:\/\/i1.wp.com\/www.interaccionnoticias.com.mx\/wp-content\/uploads\/2026\/03\/260309-Incendio-en-la-Autopista-4-1024x683.jpg?ssl=1&w=75&resize=75&ssl=1 75w, https:\/\/i1.wp.com\/www.interaccionnoticias.com.mx\/wp-content\/uploads\/2026\/03\/260309-Incendio-en-la-Autopista-4-1024x683.jpg?ssl=1&w=100&resize=100&ssl=1 100w, https:\/\/i1.wp.com\/www.interaccionnoticias.com.mx\/wp-content\/uploads\/2026\/03\/260309-Incendio-en-la-Autopista-4-1024x683.jpg?ssl=1&w=150&resize=150&ssl=1 150w, https:\/\/i1.wp.com\/www.interaccionnoticias.com.mx\/wp-content\/uploads\/2026\/03\/260309-Incendio-en-la-Autopista-4-1024x683.jpg?ssl=1&w=240&resize=240&ssl=1 240w, https:\/\/i1.wp.com\/www.interaccionnoticias.com.mx\/wp-content\/uploads\/2026\/03\/260309-Incendio-en-la-Autopista-4-1024x683.jpg?ssl=1&w=320&resize=320&ssl=1 320w, https:\/\/i1.wp.com\/www.interaccionnoticias.com.mx\/wp-content\/uploads\/2026\/03\/260309-Incendio-en-la-Autopista-4-1024x683.jpg?ssl=1&w=500&resize=500&ssl=1 500w, https:\/\/i1.wp.com\/www.interaccionnoticias.com.mx\/wp-content\/uploads\/2026\/03\/260309-Incendio-en-la-Autopista-4-1024x683.jpg?ssl=1&w=640&resize=640&ssl=1 640w, https:\/\/i1.wp.com\/www.interaccionnoticias.com.mx\/wp-content\/uploads\/2026\/03\/260309-Incendio-en-la-Autopista-4-1024x683.jpg?ssl=1&w=800&resize=800&ssl=1 800w, https:\/\/i1.wp.com\/www.interaccionnoticias.com.mx\/wp-content\/uploads\/2026\/03\/260309-Incendio-en-la-Autopista-4-1024x683.jpg?ssl=1&w=1024&resize=1024&ssl=1 1024w, https:\/\/i1.wp.com\/www.interaccionnoticias.com.mx\/wp-content\/uploads\/2026\/03\/260309-Incendio-en-la-Autopista-4-1024x683.jpg?ssl=1&w=1280&resize=1280&ssl=1 1280w, https:\/\/i1.wp.com\/www.interaccionnoticias.com.mx\/wp-content\/uploads\/2026\/03\/260309-Incendio-en-la-Autopista-4-1024x683.jpg?ssl=1&w=1600&resize=1600&ssl=1 1600w\" data-id=\"101002\" fifu-data-src=\"https:\/\/i1.wp.com\/www.interaccionnoticias.com.mx\/wp-content\/uploads\/2026\/03\/260309-Incendio-en-la-Autopista-4-1024x683.jpg?ssl=1\" alt=\"\" class=\"wp-image-101002\"\/><\/figure>\n\n\n\n<figure class=\"wp-block-image size-large\"><img decoding=\"async\" src=\"data:image\/gif;base64,R0lGODlhAQABAIAAAAAAAP\/\/\/ywAAAAAAQABAAACAUwAOw==\" fifu-lazy=\"1\" fifu-data-sizes=\"auto\" fifu-data-srcset=\"https:\/\/i1.wp.com\/www.interaccionnoticias.com.mx\/wp-content\/uploads\/2026\/03\/260309-Incendio-en-la-Autopista-3-1024x683.jpg?ssl=1&w=75&resize=75&ssl=1 75w, https:\/\/i1.wp.com\/www.interaccionnoticias.com.mx\/wp-content\/uploads\/2026\/03\/260309-Incendio-en-la-Autopista-3-1024x683.jpg?ssl=1&w=100&resize=100&ssl=1 100w, https:\/\/i1.wp.com\/www.interaccionnoticias.com.mx\/wp-content\/uploads\/2026\/03\/260309-Incendio-en-la-Autopista-3-1024x683.jpg?ssl=1&w=150&resize=150&ssl=1 150w, https:\/\/i1.wp.com\/www.interaccionnoticias.com.mx\/wp-content\/uploads\/2026\/03\/260309-Incendio-en-la-Autopista-3-1024x683.jpg?ssl=1&w=240&resize=240&ssl=1 240w, https:\/\/i1.wp.com\/www.interaccionnoticias.com.mx\/wp-content\/uploads\/2026\/03\/260309-Incendio-en-la-Autopista-3-1024x683.jpg?ssl=1&w=320&resize=320&ssl=1 320w, https:\/\/i1.wp.com\/www.interaccionnoticias.com.mx\/wp-content\/uploads\/2026\/03\/260309-Incendio-en-la-Autopista-3-1024x683.jpg?ssl=1&w=500&resize=500&ssl=1 500w, https:\/\/i1.wp.com\/www.interaccionnoticias.com.mx\/wp-content\/uploads\/2026\/03\/260309-Incendio-en-la-Autopista-3-1024x683.jpg?ssl=1&w=640&resize=640&ssl=1 640w, https:\/\/i1.wp.com\/www.interaccionnoticias.com.mx\/wp-content\/uploads\/2026\/03\/260309-Incendio-en-la-Autopista-3-1024x683.jpg?ssl=1&w=800&resize=800&ssl=1 800w, https:\/\/i1.wp.com\/www.interaccionnoticias.com.mx\/wp-content\/uploads\/2026\/03\/260309-Incendio-en-la-Autopista-3-1024x683.jpg?ssl=1&w=1024&resize=1024&ssl=1 1024w, https:\/\/i1.wp.com\/www.interaccionnoticias.com.mx\/wp-content\/uploads\/2026\/03\/260309-Incendio-en-la-Autopista-3-1024x683.jpg?ssl=1&w=1280&resize=1280&ssl=1 1280w, https:\/\/i1.wp.com\/www.interaccionnoticias.com.mx\/wp-content\/uploads\/2026\/03\/260309-Incendio-en-la-Autopista-3-1024x683.jpg?ssl=1&w=1600&resize=1600&ssl=1 1600w\" data-id=\"101005\" fifu-data-src=\"https:\/\/i1.wp.com\/www.interaccionnoticias.com.mx\/wp-content\/uploads\/2026\/03\/260309-Incendio-en-la-Autopista-3-1024x683.jpg?ssl=1\" alt=\"\" class=\"wp-image-101005\"\/><\/figure>\n\n\n\n<figure class=\"wp-block-image size-large\"><img decoding=\"async\" src=\"data:image\/gif;base64,R0lGODlhAQABAIAAAAAAAP\/\/\/ywAAAAAAQABAAACAUwAOw==\" fifu-lazy=\"1\" fifu-data-sizes=\"auto\" fifu-data-srcset=\"https:\/\/i0.wp.com\/www.interaccionnoticias.com.mx\/wp-content\/uploads\/2026\/03\/260309-Incendio-en-la-Autopista-1-1024x683.jpg?ssl=1&w=75&resize=75&ssl=1 75w, https:\/\/i0.wp.com\/www.interaccionnoticias.com.mx\/wp-content\/uploads\/2026\/03\/260309-Incendio-en-la-Autopista-1-1024x683.jpg?ssl=1&w=100&resize=100&ssl=1 100w, https:\/\/i0.wp.com\/www.interaccionnoticias.com.mx\/wp-content\/uploads\/2026\/03\/260309-Incendio-en-la-Autopista-1-1024x683.jpg?ssl=1&w=150&resize=150&ssl=1 150w, https:\/\/i0.wp.com\/www.interaccionnoticias.com.mx\/wp-content\/uploads\/2026\/03\/260309-Incendio-en-la-Autopista-1-1024x683.jpg?ssl=1&w=240&resize=240&ssl=1 240w, https:\/\/i0.wp.com\/www.interaccionnoticias.com.mx\/wp-content\/uploads\/2026\/03\/260309-Incendio-en-la-Autopista-1-1024x683.jpg?ssl=1&w=320&resize=320&ssl=1 320w, https:\/\/i0.wp.com\/www.interaccionnoticias.com.mx\/wp-content\/uploads\/2026\/03\/260309-Incendio-en-la-Autopista-1-1024x683.jpg?ssl=1&w=500&resize=500&ssl=1 500w, https:\/\/i0.wp.com\/www.interaccionnoticias.com.mx\/wp-content\/uploads\/2026\/03\/260309-Incendio-en-la-Autopista-1-1024x683.jpg?ssl=1&w=640&resize=640&ssl=1 640w, https:\/\/i0.wp.com\/www.interaccionnoticias.com.mx\/wp-content\/uploads\/2026\/03\/260309-Incendio-en-la-Autopista-1-1024x683.jpg?ssl=1&w=800&resize=800&ssl=1 800w, https:\/\/i0.wp.com\/www.interaccionnoticias.com.mx\/wp-content\/uploads\/2026\/03\/260309-Incendio-en-la-Autopista-1-1024x683.jpg?ssl=1&w=1024&resize=1024&ssl=1 1024w, https:\/\/i0.wp.com\/www.interaccionnoticias.com.mx\/wp-content\/uploads\/2026\/03\/260309-Incendio-en-la-Autopista-1-1024x683.jpg?ssl=1&w=1280&resize=1280&ssl=1 1280w, https:\/\/i0.wp.com\/www.interaccionnoticias.com.mx\/wp-content\/uploads\/2026\/03\/260309-Incendio-en-la-Autopista-1-1024x683.jpg?ssl=1&w=1600&resize=1600&ssl=1 1600w\" data-id=\"101003\" fifu-data-src=\"https:\/\/i0.wp.com\/www.interaccionnoticias.com.mx\/wp-content\/uploads\/2026\/03\/260309-Incendio-en-la-Autopista-1-1024x683.jpg?ssl=1\" alt=\"\" class=\"wp-image-101003\"\/><\/figure>\n\n\n\n<figure class=\"wp-block-image size-large\"><img decoding=\"async\" src=\"data:image\/gif;base64,R0lGODlhAQABAIAAAAAAAP\/\/\/ywAAAAAAQABAAACAUwAOw==\" fifu-lazy=\"1\" fifu-data-sizes=\"auto\" fifu-data-srcset=\"https:\/\/i3.wp.com\/www.interaccionnoticias.com.mx\/wp-content\/uploads\/2026\/03\/260309-Incendio-en-la-Autopista-2-1024x683.jpg?ssl=1&w=75&resize=75&ssl=1 75w, https:\/\/i3.wp.com\/www.interaccionnoticias.com.mx\/wp-content\/uploads\/2026\/03\/260309-Incendio-en-la-Autopista-2-1024x683.jpg?ssl=1&w=100&resize=100&ssl=1 100w, https:\/\/i3.wp.com\/www.interaccionnoticias.com.mx\/wp-content\/uploads\/2026\/03\/260309-Incendio-en-la-Autopista-2-1024x683.jpg?ssl=1&w=150&resize=150&ssl=1 150w, https:\/\/i3.wp.com\/www.interaccionnoticias.com.mx\/wp-content\/uploads\/2026\/03\/260309-Incendio-en-la-Autopista-2-1024x683.jpg?ssl=1&w=240&resize=240&ssl=1 240w, https:\/\/i3.wp.com\/www.interaccionnoticias.com.mx\/wp-content\/uploads\/2026\/03\/260309-Incendio-en-la-Autopista-2-1024x683.jpg?ssl=1&w=320&resize=320&ssl=1 320w, https:\/\/i3.wp.com\/www.interaccionnoticias.com.mx\/wp-content\/uploads\/2026\/03\/260309-Incendio-en-la-Autopista-2-1024x683.jpg?ssl=1&w=500&resize=500&ssl=1 500w, https:\/\/i3.wp.com\/www.interaccionnoticias.com.mx\/wp-content\/uploads\/2026\/03\/260309-Incendio-en-la-Autopista-2-1024x683.jpg?ssl=1&w=640&resize=640&ssl=1 640w, https:\/\/i3.wp.com\/www.interaccionnoticias.com.mx\/wp-content\/uploads\/2026\/03\/260309-Incendio-en-la-Autopista-2-1024x683.jpg?ssl=1&w=800&resize=800&ssl=1 800w, https:\/\/i3.wp.com\/www.interaccionnoticias.com.mx\/wp-content\/uploads\/2026\/03\/260309-Incendio-en-la-Autopista-2-1024x683.jpg?ssl=1&w=1024&resize=1024&ssl=1 1024w, https:\/\/i3.wp.com\/www.interaccionnoticias.com.mx\/wp-content\/uploads\/2026\/03\/260309-Incendio-en-la-Autopista-2-1024x683.jpg?ssl=1&w=1280&resize=1280&ssl=1 1280w, https:\/\/i3.wp.com\/www.interaccionnoticias.com.mx\/wp-content\/uploads\/2026\/03\/260309-Incendio-en-la-Autopista-2-1024x683.jpg?ssl=1&w=1600&resize=1600&ssl=1 1600w\" data-id=\"101004\" fifu-data-src=\"https:\/\/i3.wp.com\/www.interaccionnoticias.com.mx\/wp-content\/uploads\/2026\/03\/260309-Incendio-en-la-Autopista-2-1024x683.jpg?ssl=1\" alt=\"\" class=\"wp-image-101004\"\/><\/figure>\n<\/figure>\n","protected":false},"excerpt":{"rendered":"<p>&#8212; Los automovilistas alertan por la posibilidad de riesgos Cristina Serrano Un fuerte incendio se registra en distintos puntos de la Autopista del Sol, en el tramo Chilpancingo \u2013 Acapulco&hellip; <\/p>\n","protected":false},"author":34,"featured_media":101007,"comment_status":"open","ping_status":"open","sticky":false,"template":"","format":"standard","meta":{"fifu_image_url":"https:\/\/www.interaccionnoticias.com.mx\/wp-content\/uploads\/2026\/03\/260309-Incendio-en-la-Autopista-3.jpg","fifu_image_alt":"","footnotes":""},"categories":[11],"tags":[],"class_list":["post-101001","post","type-post","status-publish","format-standard","has-post-thumbnail","hentry","category-guerrero"],"_links":{"self":[{"href":"https:\/\/www.interaccionnoticias.com.mx\/index.php?rest_route=\/wp\/v2\/posts\/101001","targetHints":{"allow":["GET"]}}],"collection":[{"href":"https:\/\/www.interaccionnoticias.com.mx\/index.php?rest_route=\/wp\/v2\/posts"}],"about":[{"href":"https:\/\/www.interaccionnoticias.com.mx\/index.php?rest_route=\/wp\/v2\/types\/post"}],"author":[{"embeddable":true,"href":"https:\/\/www.interaccionnoticias.com.mx\/index.php?rest_route=\/wp\/v2\/users\/34"}],"replies":[{"embeddable":true,"href":"https:\/\/www.interaccionnoticias.com.mx\/index.php?rest_route=%2Fwp%2Fv2%2Fcomments&post=101001"}],"version-history":[{"count":1,"href":"https:\/\/www.interaccionnoticias.com.mx\/index.php?rest_route=\/wp\/v2\/posts\/101001\/revisions"}],"predecessor-version":[{"id":101006,"href":"https:\/\/www.interaccionnoticias.com.mx\/index.php?rest_route=\/wp\/v2\/posts\/101001\/revisions\/101006"}],"wp:featuredmedia":[{"embeddable":true,"href":"https:\/\/www.interaccionnoticias.com.mx\/index.php?rest_route=\/wp\/v2\/media\/101007"}],"wp:attachment":[{"href":"https:\/\/www.interaccionnoticias.com.mx\/index.php?rest_route=%2Fwp%2Fv2%2Fmedia&parent=101001"}],"wp:term":[{"taxonomy":"category","embeddable":true,"href":"https:\/\/www.interaccionnoticias.com.mx\/index.php?rest_route=%2Fwp%2Fv2%2Fcategories&post=101001"},{"taxonomy":"post_tag","embeddable":true,"href":"https:\/\/www.interaccionnoticias.com.mx\/index.php?rest_route=%2Fwp%2Fv2%2Ftags&post=101001"}],"curies":[{"name":"wp","href":"https:\/\/api.w.org\/{rel}","templated":true}]}}