{"id":100997,"date":"2026-03-09T14:03:54","date_gmt":"2026-03-09T21:03:54","guid":{"rendered":"https:\/\/www.interaccionnoticias.com.mx\/?p=100997"},"modified":"2026-03-09T14:03:55","modified_gmt":"2026-03-09T21:03:55","slug":"inicia-la-segunda-jornada-de-busqueda-de-vicente-ivan","status":"publish","type":"post","link":"https:\/\/www.interaccionnoticias.com.mx\/?p=100997","title":{"rendered":"Inicia la segunda jornada de b\u00fasqueda de Vicente Iv\u00e1n"},"content":{"rendered":"\n<p><strong><em>&#8212; El colectivo a realizado b\u00fasquedas en colonias y poblados<br>&#8212; Participan autoridades ministeriales y federales<\/em><\/strong><\/p>\n\n\n\n<p><strong>Javier Trujillo<\/strong><\/p>\n\n\n\n<p><strong>Acapulco, Gro. &#8211; <\/strong>Durante una semana, la colectiva Vicente Iv\u00e1n Suastegui Mu\u00f1oz, encabezada por Samantha Valeria Col\u00f3n Morales, realizar\u00e1 la b\u00fasqueda por cuarto a\u00f1o consecutivo en colonias de Acapulco.<\/p>\n\n\n\n<p>La buscadora dijo que su esposo desapareci\u00f3 desde el pasado cinco de agosto del 2021, en Ciudad Renacimiento, y desde entonces comenz\u00f3 su b\u00fasqueda por diferentes colonias y municipios.<\/p>\n\n\n\n<p>La buscadora, dijo que una determinaci\u00f3n de la Comisi\u00f3n Interamericana de Derechos Humanos (CIDH), recomend\u00f3 al gobierno de Guerrero realizar cada mes la b\u00fasqueda de Vicente Iv\u00e1n Suastegui.<\/p>\n\n\n\n<p>As\u00ed, desde el pasado mes de agosto del 2021, Col\u00f3n Morales, realiza la b\u00fasqueda de su esposo, Vicente Iv\u00e1n Suasteguien en colonias, y poblados de Acapulco, as\u00ed como otras localidades del estado de Guerrero.<\/p>\n\n\n\n<p>\u201cEs la segunda b\u00fasqueda del a\u00f1o en campo, por Vicente Iv\u00e1n, las cuales se hacen cada mes por una recomendaci\u00f3n de la Comisi\u00f3n Interamericana de Derechos Humanos, que hace al estado.<\/p>\n\n\n\n<p>\u201cMientras no se encuentre a Vicente, se le tiene que seguir buscando\u201d, explic\u00f3 en breve entrevista su esposa Samantha Col\u00f3n.<\/p>\n\n\n\n<p>Se\u00f1al\u00f3 que al operativo de b\u00fasqueda se sumaron la Comisi\u00f3n Estatal de B\u00fasqueda de Personas, la unidad canina de la Fiscal\u00eda General del Estado, Polic\u00eda Estatal, Polic\u00eda de Investigaci\u00f3n Ministerial, y la Marina Armada de M\u00e9xico, as\u00ed como efectivos de la Guardia Nacional.<\/p>\n\n\n\n<p>Enfatiz\u00f3 en se\u00f1alar que el operativo de b\u00fasqueda ser\u00e1 a partir de este lunes hasta el pr\u00f3ximo s\u00e1bado.<\/p>\n\n\n\n<p>\u201cTenemos varios puntos que vamos a abordar esta semana, la b\u00fasqueda empieza hoy lunes y termina hasta el d\u00eda s\u00e1bado, tenemos varios puntos que vamos a abordar, en diferentes colonias.<\/p>\n\n\n\n<p>\u201cAfortunadamente hemos encontrado positivos ah\u00ed, vamos a volver a recorrer esas colonias, y otros puntos an\u00f3nimamente\u201d, se\u00f1al\u00f3 Col\u00f3n Morales al iniciar la segunda b\u00fasqueda del a\u00f1o.<\/p>\n\n\n\n<p>Mencion\u00f3 que han encontrado restos e indicios humanos en El Cayaco, La Quebradora, Alta Laja, Sim\u00f3n Bol\u00edvar y parte alta de la colonia Emiliano Zapata, en la zona de Las Antenas.<\/p>\n\n\n\n<p>Ahora, las zonas donde se iniciar\u00e1 la b\u00fasqueda, es en la parte alta de la colonia La Quebradora, en los poblados Cayaco y Carabal\u00ed, adem\u00e1s de otros lugares donde se han realizado b\u00fasquedas.<\/p>\n","protected":false},"excerpt":{"rendered":"<p>&#8212; El colectivo a realizado b\u00fasquedas en colonias y poblados&#8212; Participan autoridades ministeriales y federales Javier Trujillo Acapulco, Gro. &#8211; Durante una semana, la colectiva Vicente Iv\u00e1n Suastegui Mu\u00f1oz, encabezada&hellip; <\/p>\n","protected":false},"author":3,"featured_media":101000,"comment_status":"open","ping_status":"open","sticky":false,"template":"","format":"standard","meta":{"fifu_image_url":"https:\/\/www.interaccionnoticias.com.mx\/wp-content\/uploads\/2026\/03\/260309-Samantha-Valeria-Colon-Morales.jpg","fifu_image_alt":"","footnotes":""},"categories":[15],"tags":[],"class_list":["post-100997","post","type-post","status-publish","format-standard","has-post-thumbnail","hentry","category-movimientos-sociales"],"_links":{"self":[{"href":"https:\/\/www.interaccionnoticias.com.mx\/index.php?rest_route=\/wp\/v2\/posts\/100997","targetHints":{"allow":["GET"]}}],"collection":[{"href":"https:\/\/www.interaccionnoticias.com.mx\/index.php?rest_route=\/wp\/v2\/posts"}],"about":[{"href":"https:\/\/www.interaccionnoticias.com.mx\/index.php?rest_route=\/wp\/v2\/types\/post"}],"author":[{"embeddable":true,"href":"https:\/\/www.interaccionnoticias.com.mx\/index.php?rest_route=\/wp\/v2\/users\/3"}],"replies":[{"embeddable":true,"href":"https:\/\/www.interaccionnoticias.com.mx\/index.php?rest_route=%2Fwp%2Fv2%2Fcomments&post=100997"}],"version-history":[{"count":1,"href":"https:\/\/www.interaccionnoticias.com.mx\/index.php?rest_route=\/wp\/v2\/posts\/100997\/revisions"}],"predecessor-version":[{"id":100999,"href":"https:\/\/www.interaccionnoticias.com.mx\/index.php?rest_route=\/wp\/v2\/posts\/100997\/revisions\/100999"}],"wp:featuredmedia":[{"embeddable":true,"href":"https:\/\/www.interaccionnoticias.com.mx\/index.php?rest_route=\/wp\/v2\/media\/101000"}],"wp:attachment":[{"href":"https:\/\/www.interaccionnoticias.com.mx\/index.php?rest_route=%2Fwp%2Fv2%2Fmedia&parent=100997"}],"wp:term":[{"taxonomy":"category","embeddable":true,"href":"https:\/\/www.interaccionnoticias.com.mx\/index.php?rest_route=%2Fwp%2Fv2%2Fcategories&post=100997"},{"taxonomy":"post_tag","embeddable":true,"href":"https:\/\/www.interaccionnoticias.com.mx\/index.php?rest_route=%2Fwp%2Fv2%2Ftags&post=100997"}],"curies":[{"name":"wp","href":"https:\/\/api.w.org\/{rel}","templated":true}]}}