{"id":100993,"date":"2026-03-09T13:54:41","date_gmt":"2026-03-09T20:54:41","guid":{"rendered":"https:\/\/www.interaccionnoticias.com.mx\/?p=100993"},"modified":"2026-03-09T13:54:42","modified_gmt":"2026-03-09T20:54:42","slug":"la-lucha-por-la-igualdad-no-puede-esperar-dice-la-gobernadora-de-guerrero-ante-el-movimiento-feminista","status":"publish","type":"post","link":"https:\/\/www.interaccionnoticias.com.mx\/?p=100993","title":{"rendered":"\u201cLa lucha por la igualdad no puede esperar\u201d, dice la gobernadora de Guerrero ante el movimiento feminista"},"content":{"rendered":"\n<p><strong><em>&#8212; La jefa del Ejecutivo local reconoce a las mujeres que han abierto brecha en diferentes \u00e1mbitos<\/em><\/strong><\/p>\n\n\n\n<p><strong>Rogelio Agust\u00edn<\/strong><\/p>\n\n\n\n<p>Durante la ceremonia de honores a la bandera realizada en la sede oficial del Poder Ejecutivo local, la gobernadora Evelyn Salgado Pineda expreso su \u201cabsoluto respaldo al movimiento feminista\u201d, en el entendido de que \u201cla lucha por la igualdad no puede esperar\u201d.<\/p>\n\n\n\n<p>En la ceremonia realizada este lunes, la gobernadora Salgado Pineda habl\u00f3 sobre el D\u00eda Internacional de la Mujer, fecha establecida el 8 de marzo, a la que se refiri\u00f3 como un espacio de conciencia, memoria y compromiso de los tres \u00f3rdenes de gobierno.<\/p>\n\n\n\n<p>Asever\u00f3 que el movimiento de las muejeres \u201ces la expresi\u00f3n al que este gobierno le brinda su absoluto respado\u201d.<\/p>\n\n\n\n<p>M\u00e1s a\u00fan, destac\u00f3 que se trata de una causa a la que e Gobierno de Guerrero ha convertido en una prioridad.<\/p>\n\n\n\n<p>Agreg\u00f3: \u201cSabemos que la igualdad no puede esperar y que toda mujer, toda ni\u00f1a,adolescente, adulta mayor debe vibir con seguridad, respeto y plenitud\u201d.<\/p>\n\n\n\n<p>Por eso, enfatiz\u00f3 que en su administraci\u00f3n se trabaja de manera permanente para defender los derecho de las mujeres y ni\u00f1as, particularmente de quienes viven en condiciones de mucha vulnerabilidad, ya sea por cuestiones \u00e9tnicas o de dificil acceso.<\/p>\n\n\n\n<p>Reconoci\u00f3 a quienes han abierto el camino por el que avanzan las mujeres en la actualidad, ya sea en el campo, en el sector educativo, el periodismo, la medicina, en el \u00e1mbito de la seguridad y las fuerzas armadas, porque todas desde sus diferentes espacios contribyen a la tarea de fortalecer al pa\u00eds.<\/p>\n","protected":false},"excerpt":{"rendered":"<p>&#8212; La jefa del Ejecutivo local reconoce a las mujeres que han abierto brecha en diferentes \u00e1mbitos Rogelio Agust\u00edn Durante la ceremonia de honores a la bandera realizada en la&hellip; <\/p>\n","protected":false},"author":21,"featured_media":100996,"comment_status":"open","ping_status":"open","sticky":false,"template":"","format":"standard","meta":{"fifu_image_url":"https:\/\/www.interaccionnoticias.com.mx\/wp-content\/uploads\/2026\/03\/260309-cc-Evelyn-Salgado-Pineda.jpg","fifu_image_alt":"","footnotes":""},"categories":[11],"tags":[],"class_list":["post-100993","post","type-post","status-publish","format-standard","has-post-thumbnail","hentry","category-guerrero"],"_links":{"self":[{"href":"https:\/\/www.interaccionnoticias.com.mx\/index.php?rest_route=\/wp\/v2\/posts\/100993","targetHints":{"allow":["GET"]}}],"collection":[{"href":"https:\/\/www.interaccionnoticias.com.mx\/index.php?rest_route=\/wp\/v2\/posts"}],"about":[{"href":"https:\/\/www.interaccionnoticias.com.mx\/index.php?rest_route=\/wp\/v2\/types\/post"}],"author":[{"embeddable":true,"href":"https:\/\/www.interaccionnoticias.com.mx\/index.php?rest_route=\/wp\/v2\/users\/21"}],"replies":[{"embeddable":true,"href":"https:\/\/www.interaccionnoticias.com.mx\/index.php?rest_route=%2Fwp%2Fv2%2Fcomments&post=100993"}],"version-history":[{"count":1,"href":"https:\/\/www.interaccionnoticias.com.mx\/index.php?rest_route=\/wp\/v2\/posts\/100993\/revisions"}],"predecessor-version":[{"id":100995,"href":"https:\/\/www.interaccionnoticias.com.mx\/index.php?rest_route=\/wp\/v2\/posts\/100993\/revisions\/100995"}],"wp:featuredmedia":[{"embeddable":true,"href":"https:\/\/www.interaccionnoticias.com.mx\/index.php?rest_route=\/wp\/v2\/media\/100996"}],"wp:attachment":[{"href":"https:\/\/www.interaccionnoticias.com.mx\/index.php?rest_route=%2Fwp%2Fv2%2Fmedia&parent=100993"}],"wp:term":[{"taxonomy":"category","embeddable":true,"href":"https:\/\/www.interaccionnoticias.com.mx\/index.php?rest_route=%2Fwp%2Fv2%2Fcategories&post=100993"},{"taxonomy":"post_tag","embeddable":true,"href":"https:\/\/www.interaccionnoticias.com.mx\/index.php?rest_route=%2Fwp%2Fv2%2Ftags&post=100993"}],"curies":[{"name":"wp","href":"https:\/\/api.w.org\/{rel}","templated":true}]}}