{"id":100988,"date":"2026-03-09T13:48:28","date_gmt":"2026-03-09T20:48:28","guid":{"rendered":"https:\/\/www.interaccionnoticias.com.mx\/?p=100988"},"modified":"2026-03-09T13:48:29","modified_gmt":"2026-03-09T20:48:29","slug":"activan-alerta-violeta-por-desaparicion-de-adolescente-en-chilpancingo","status":"publish","type":"post","link":"https:\/\/www.interaccionnoticias.com.mx\/?p=100988","title":{"rendered":"Activan Alerta Violeta por desaparici\u00f3n de adolescente en Chilpancingo"},"content":{"rendered":"\n<p><strong><em>La menor Guadalupe Jim\u00e9nez Abarca fue vista por \u00faltima vez el 8 de marzo, tambi\u00e9n buscan a Kimberly Ximena Godoy Ruano, desaparecida desde el 5 de marzo<\/em><\/strong><\/p>\n\n\n\n<p><strong>Interacci\u00f3n Noticias<\/strong><\/p>\n\n\n\n<p>Autoridades del estado activaron el protocolo Alerta Violeta para localizar a Guadalupe Jim\u00e9nez Abarca, una adolescente de 15 a\u00f1os reportada como desaparecida el pasado 8 de marzo en la ciudad de Chilpancingo.<\/p>\n\n\n\n<p>De acuerdo con la ficha de b\u00fasqueda difundida por la Secretar\u00eda de Seguridad P\u00fablica de Guerrero, la menor fue vista por \u00faltima vez ese d\u00eda en la capital del estado, sin que hasta el momento se tenga informaci\u00f3n sobre su paradero.<\/p>\n\n\n\n<p>Las autoridades informaron que la adolescente es de complexi\u00f3n delgada, mide aproximadamente 1.50 metros de estatura, tiene tez blanca, rostro alargado, cabello lacio color casta\u00f1o claro y ojos caf\u00e9 claro.<\/p>\n\n\n\n<p>Como se\u00f1a particular, se indic\u00f3 que camina con dificultad debido a un problema en el pie derecho que le afecta al caminar. Sus familiares no proporcionaron informaci\u00f3n sobre la ropa que portaba al momento de su desaparici\u00f3n.<\/p>\n\n\n\n<p>Ante esta situaci\u00f3n, las autoridades solicitaron el apoyo de la poblaci\u00f3n para aportar cualquier dato que contribuya a su localizaci\u00f3n, por lo que pidieron reportar informaci\u00f3n al n\u00famero de emergencias 911.<\/p>\n\n\n\n<p>En un caso distinto, la Fiscal\u00eda General del Estado de Guerrero tambi\u00e9n activ\u00f3 el protocolo de b\u00fasqueda para localizar a Kimberly Ximena Godoy Ruano, de 15 a\u00f1os, quien fue vista por \u00faltima vez el pasado 5 de marzo en la misma ciudad.<\/p>\n\n\n\n<p>Seg\u00fan el bolet\u00edn oficial, la adolescente es de complexi\u00f3n delgada, mide aproximadamente 1.48 metros de estatura, tiene tez morena clara, rostro ovalado, cabello largo, lacio y negro, as\u00ed como ojos caf\u00e9 oscuro.<\/p>\n\n\n\n<p>Al momento de su desaparici\u00f3n vest\u00eda su\u00e9ter negro, pantal\u00f3n de mezclilla y sandalias negras.<\/p>\n\n\n\n<figure class=\"wp-block-gallery has-nested-images columns-default is-cropped wp-block-gallery-1 is-layout-flex wp-block-gallery-is-layout-flex\">\n<figure class=\"wp-block-image size-large\"><img decoding=\"async\" src=\"data:image\/gif;base64,R0lGODlhAQABAIAAAAAAAP\/\/\/ywAAAAAAQABAAACAUwAOw==\" fifu-lazy=\"1\" fifu-data-sizes=\"auto\" fifu-data-srcset=\"https:\/\/i2.wp.com\/www.interaccionnoticias.com.mx\/wp-content\/uploads\/2026\/03\/260309-cc-Guadalupe-Jimenez-Abarca.png?ssl=1&w=75&resize=75&ssl=1 75w, https:\/\/i2.wp.com\/www.interaccionnoticias.com.mx\/wp-content\/uploads\/2026\/03\/260309-cc-Guadalupe-Jimenez-Abarca.png?ssl=1&w=100&resize=100&ssl=1 100w, https:\/\/i2.wp.com\/www.interaccionnoticias.com.mx\/wp-content\/uploads\/2026\/03\/260309-cc-Guadalupe-Jimenez-Abarca.png?ssl=1&w=150&resize=150&ssl=1 150w, https:\/\/i2.wp.com\/www.interaccionnoticias.com.mx\/wp-content\/uploads\/2026\/03\/260309-cc-Guadalupe-Jimenez-Abarca.png?ssl=1&w=240&resize=240&ssl=1 240w, https:\/\/i2.wp.com\/www.interaccionnoticias.com.mx\/wp-content\/uploads\/2026\/03\/260309-cc-Guadalupe-Jimenez-Abarca.png?ssl=1&w=320&resize=320&ssl=1 320w, https:\/\/i2.wp.com\/www.interaccionnoticias.com.mx\/wp-content\/uploads\/2026\/03\/260309-cc-Guadalupe-Jimenez-Abarca.png?ssl=1&w=500&resize=500&ssl=1 500w, https:\/\/i2.wp.com\/www.interaccionnoticias.com.mx\/wp-content\/uploads\/2026\/03\/260309-cc-Guadalupe-Jimenez-Abarca.png?ssl=1&w=640&resize=640&ssl=1 640w, https:\/\/i2.wp.com\/www.interaccionnoticias.com.mx\/wp-content\/uploads\/2026\/03\/260309-cc-Guadalupe-Jimenez-Abarca.png?ssl=1&w=800&resize=800&ssl=1 800w, https:\/\/i2.wp.com\/www.interaccionnoticias.com.mx\/wp-content\/uploads\/2026\/03\/260309-cc-Guadalupe-Jimenez-Abarca.png?ssl=1&w=1024&resize=1024&ssl=1 1024w, https:\/\/i2.wp.com\/www.interaccionnoticias.com.mx\/wp-content\/uploads\/2026\/03\/260309-cc-Guadalupe-Jimenez-Abarca.png?ssl=1&w=1280&resize=1280&ssl=1 1280w, https:\/\/i2.wp.com\/www.interaccionnoticias.com.mx\/wp-content\/uploads\/2026\/03\/260309-cc-Guadalupe-Jimenez-Abarca.png?ssl=1&w=1600&resize=1600&ssl=1 1600w\" data-id=\"100989\" fifu-data-src=\"https:\/\/i2.wp.com\/www.interaccionnoticias.com.mx\/wp-content\/uploads\/2026\/03\/260309-cc-Guadalupe-Jimenez-Abarca.png?ssl=1\" alt=\"\" class=\"wp-image-100989\"\/><\/figure>\n<\/figure>\n","protected":false},"excerpt":{"rendered":"<p>La menor Guadalupe Jim\u00e9nez Abarca fue vista por \u00faltima vez el 8 de marzo, tambi\u00e9n buscan a Kimberly Ximena Godoy Ruano, desaparecida desde el 5 de marzo Interacci\u00f3n Noticias Autoridades&hellip; <\/p>\n","protected":false},"author":2,"featured_media":100992,"comment_status":"open","ping_status":"open","sticky":false,"template":"","format":"standard","meta":{"fifu_image_url":"https:\/\/www.interaccionnoticias.com.mx\/wp-content\/uploads\/2026\/03\/260309-Guadalupe-Jimenez-Abarca.jpg","fifu_image_alt":"","footnotes":""},"categories":[247],"tags":[],"class_list":["post-100988","post","type-post","status-publish","format-standard","has-post-thumbnail","hentry","category-lo-has-visto"],"_links":{"self":[{"href":"https:\/\/www.interaccionnoticias.com.mx\/index.php?rest_route=\/wp\/v2\/posts\/100988","targetHints":{"allow":["GET"]}}],"collection":[{"href":"https:\/\/www.interaccionnoticias.com.mx\/index.php?rest_route=\/wp\/v2\/posts"}],"about":[{"href":"https:\/\/www.interaccionnoticias.com.mx\/index.php?rest_route=\/wp\/v2\/types\/post"}],"author":[{"embeddable":true,"href":"https:\/\/www.interaccionnoticias.com.mx\/index.php?rest_route=\/wp\/v2\/users\/2"}],"replies":[{"embeddable":true,"href":"https:\/\/www.interaccionnoticias.com.mx\/index.php?rest_route=%2Fwp%2Fv2%2Fcomments&post=100988"}],"version-history":[{"count":1,"href":"https:\/\/www.interaccionnoticias.com.mx\/index.php?rest_route=\/wp\/v2\/posts\/100988\/revisions"}],"predecessor-version":[{"id":100991,"href":"https:\/\/www.interaccionnoticias.com.mx\/index.php?rest_route=\/wp\/v2\/posts\/100988\/revisions\/100991"}],"wp:featuredmedia":[{"embeddable":true,"href":"https:\/\/www.interaccionnoticias.com.mx\/index.php?rest_route=\/wp\/v2\/media\/100992"}],"wp:attachment":[{"href":"https:\/\/www.interaccionnoticias.com.mx\/index.php?rest_route=%2Fwp%2Fv2%2Fmedia&parent=100988"}],"wp:term":[{"taxonomy":"category","embeddable":true,"href":"https:\/\/www.interaccionnoticias.com.mx\/index.php?rest_route=%2Fwp%2Fv2%2Fcategories&post=100988"},{"taxonomy":"post_tag","embeddable":true,"href":"https:\/\/www.interaccionnoticias.com.mx\/index.php?rest_route=%2Fwp%2Fv2%2Ftags&post=100988"}],"curies":[{"name":"wp","href":"https:\/\/api.w.org\/{rel}","templated":true}]}}