{"id":100984,"date":"2026-03-09T13:40:12","date_gmt":"2026-03-09T20:40:12","guid":{"rendered":"https:\/\/www.interaccionnoticias.com.mx\/?p=100984"},"modified":"2026-03-09T13:40:14","modified_gmt":"2026-03-09T20:40:14","slug":"periodistas-de-guerrero-denuncian-violencias-y-precariedad-laboral-en-el-marco-del-8m","status":"publish","type":"post","link":"https:\/\/www.interaccionnoticias.com.mx\/?p=100984","title":{"rendered":"Periodistas de Guerrero denuncian violencias y precariedad laboral en el marco del 8M"},"content":{"rendered":"\n<p><em><strong>&#8212; Reporteras de seis municipios lanzan campa\u00f1a digital con 12 infograf\u00edas para visibilizar agresiones, hostigamiento y desigualdades que enfrentan en el ejercicio del periodismo<\/strong><\/em><\/p>\n\n\n\n<p><strong>Rosario Garc\u00eda Orozco<\/strong><\/p>\n\n\n\n<p>En el marco del&nbsp;D\u00eda Internacional de la Mujer, periodistas de distintos municipios de Guerrero protestaron en exigencia de un alto a la violencia laboral, acoso sexual, agresiones en las coberturas oficiales y un trato igualitario con salarios dignos por su labor.<\/p>\n\n\n\n<p>En una movilizaci\u00f3n que se llev\u00f3 a cabo en la plaza Violetas de An\u00e1huac, frente a la Plaza Unidos por Guerrero, donde las comunicadoras informaron que en colectivo impulsaron una campa\u00f1a en redes sociales para visibilizar las violencias, precariedades laborales y obst\u00e1culos que enfrentan en el ejercicio de su labor informativa.<\/p>\n\n\n\n<p>Las manifestantes recordaron que el&nbsp;8 de marzo de 2017, un grupo de reporteras de Chilpancingo particip\u00f3 de manera simb\u00f3lica en el paro nacional&nbsp;\u201cMujeres en huelga\u201d, al considerar que el gremio period\u00edstico femenino no es ajeno a las violencias estructurales del sistema.<\/p>\n\n\n\n<p>A partir de ese momento, se\u00f1alaron, han reflexionado colectivamente sobre las distintas formas de violencia que enfrentan en su trabajo cotidiano, desde agresiones durante la cobertura de noticias, hasta afectaciones en el \u00e1mbito laboral, de salud y de seguridad.<\/p>\n\n\n\n<p>Como parte de la conmemoraci\u00f3n de este a\u00f1o, reporteras de&nbsp;Acapulco, Chilpancingo, Iguala, Tlapa, Taxco y Zihuatanejo&nbsp;presentaron una campa\u00f1a compuesta por&nbsp;12 infograf\u00edas, en las que identifican situaciones que impactan sus din\u00e1micas de trabajo y denuncian casos recientes de agresiones y hostigamiento.<\/p>\n\n\n\n<p>Entre los hechos documentados, se menciona que en diversos actos p\u00fablicos las autoridades suelen presentarse con estrictos operativos de seguridad que dificultan el acceso de la prensa, e incluso derivan en agresiones f\u00edsicas por parte de escoltas que impiden la cobertura period\u00edstica.<\/p>\n\n\n\n<p>Como sucedi\u00f3 el&nbsp;15 de noviembre de 2024, durante una conmemoraci\u00f3n del D\u00eda del Medio Ambiente, cuando escoltas golpearon el celular de la reportera&nbsp;Alina Navarrete Fern\u00e1ndez, del diario&nbsp;El Sur, y la empujaron para impedir una entrevista con el alcalde&nbsp;Gustavo Alarc\u00f3n Herrera.<\/p>\n\n\n\n<p>M\u00e1s adelante, a inicios de&nbsp;2025, la directora de los portales&nbsp;API Iguala&nbsp;y&nbsp;API Guerrero,&nbsp;Flor Miranda Mayo, fue v\u00edctima de una campa\u00f1a de hostigamiento e intimidaci\u00f3n en redes sociales atribuida al alcalde de Iguala,&nbsp;Erick Catal\u00e1n Rend\u00f3n, luego de publicar denuncias relacionadas con presuntos actos de corrupci\u00f3n.<\/p>\n\n\n\n<p>Otro incidente ocurri\u00f3 durante el&nbsp;Paseo del Pend\u00f3n 2025, cuando la reportera&nbsp;Itzel Urieta Valenzuela, del medio digital&nbsp;En Primer Plano, fue jaloneada por un escolta que formaba parte del operativo de seguridad de la gobernadora&nbsp;Evelyn Salgado Pineda.<\/p>\n\n\n\n<p>Las periodistas tambi\u00e9n recordaron el caso de la fotorreportera&nbsp;J\u00e9ssica Torres Barrera, del peri\u00f3dico&nbsp;El Sur, quien fue hostigada y golpeada por un fot\u00f3grafo vinculado al rector de la&nbsp;Universidad Aut\u00f3noma de Guerrero (UAGro),&nbsp;Javier Salda\u00f1a Almaz\u00e1n, durante la celebraci\u00f3n del cumplea\u00f1os del senador&nbsp;F\u00e9lix Salgado Macedonio, hecho que posteriormente deriv\u00f3 en ataques en redes sociales contra la comunicadora.<\/p>\n\n\n\n<p>Adem\u00e1s de las agresiones, se\u00f1alaron que el gremio period\u00edstico enfrenta&nbsp;condiciones laborales precarias, en muchos casos sin seguridad social ni prestaciones, situaci\u00f3n que afecta especialmente a las mujeres.<\/p>\n\n\n\n<p>Indicaron que en el ejercicio del periodismo tampoco existen condiciones adecuadas para la maternidad, ni mecanismos que permitan que los avances legislativos en materia de derechos laborales beneficien a todas las trabajadoras.<\/p>\n\n\n\n<p>Las comunicadoras subrayaron que el riesgo de informar en Guerrero ha sido documentado por diversos organismos de derechos humanos, por lo que exigieron a las autoridades de los tres \u00f3rdenes de gobierno garantizar condiciones de seguridad para toda la poblaci\u00f3n, incluida la prensa.<\/p>\n\n\n\n<p>Tambi\u00e9n reconocieron que dentro del propio gremio period\u00edstico persisten pr\u00e1cticas de&nbsp;acoso, hostigamiento sexual y discriminaci\u00f3n, as\u00ed como la desvalorizaci\u00f3n del trabajo de las reporteras por razones de g\u00e9nero.<\/p>\n\n\n\n<p>No obstante, aclararon que el pronunciamiento no pretende ser un se\u00f1alamiento generalizado ni ataques personales, sino una invitaci\u00f3n a reflexionar y transformar las din\u00e1micas laborales dentro del periodismo.<\/p>\n\n\n\n<p>Las comunicadoras guerrerenses tambi\u00e9n agradecieron y reconocieron la cobertura realizada por sus compa\u00f1eros varones.<\/p>\n","protected":false},"excerpt":{"rendered":"<p>&#8212; Reporteras de seis municipios lanzan campa\u00f1a digital con 12 infograf\u00edas para visibilizar agresiones, hostigamiento y desigualdades que enfrentan en el ejercicio del periodismo Rosario Garc\u00eda Orozco En el marco&hellip; <\/p>\n","protected":false},"author":14,"featured_media":100987,"comment_status":"open","ping_status":"open","sticky":false,"template":"","format":"standard","meta":{"fifu_image_url":"https:\/\/www.interaccionnoticias.com.mx\/wp-content\/uploads\/2026\/03\/260309-Periodistas-de-Guerrero.jpg","fifu_image_alt":"","footnotes":""},"categories":[29],"tags":[],"class_list":["post-100984","post","type-post","status-publish","format-standard","has-post-thumbnail","hentry","category-sociedad"],"_links":{"self":[{"href":"https:\/\/www.interaccionnoticias.com.mx\/index.php?rest_route=\/wp\/v2\/posts\/100984","targetHints":{"allow":["GET"]}}],"collection":[{"href":"https:\/\/www.interaccionnoticias.com.mx\/index.php?rest_route=\/wp\/v2\/posts"}],"about":[{"href":"https:\/\/www.interaccionnoticias.com.mx\/index.php?rest_route=\/wp\/v2\/types\/post"}],"author":[{"embeddable":true,"href":"https:\/\/www.interaccionnoticias.com.mx\/index.php?rest_route=\/wp\/v2\/users\/14"}],"replies":[{"embeddable":true,"href":"https:\/\/www.interaccionnoticias.com.mx\/index.php?rest_route=%2Fwp%2Fv2%2Fcomments&post=100984"}],"version-history":[{"count":1,"href":"https:\/\/www.interaccionnoticias.com.mx\/index.php?rest_route=\/wp\/v2\/posts\/100984\/revisions"}],"predecessor-version":[{"id":100986,"href":"https:\/\/www.interaccionnoticias.com.mx\/index.php?rest_route=\/wp\/v2\/posts\/100984\/revisions\/100986"}],"wp:featuredmedia":[{"embeddable":true,"href":"https:\/\/www.interaccionnoticias.com.mx\/index.php?rest_route=\/wp\/v2\/media\/100987"}],"wp:attachment":[{"href":"https:\/\/www.interaccionnoticias.com.mx\/index.php?rest_route=%2Fwp%2Fv2%2Fmedia&parent=100984"}],"wp:term":[{"taxonomy":"category","embeddable":true,"href":"https:\/\/www.interaccionnoticias.com.mx\/index.php?rest_route=%2Fwp%2Fv2%2Fcategories&post=100984"},{"taxonomy":"post_tag","embeddable":true,"href":"https:\/\/www.interaccionnoticias.com.mx\/index.php?rest_route=%2Fwp%2Fv2%2Ftags&post=100984"}],"curies":[{"name":"wp","href":"https:\/\/api.w.org\/{rel}","templated":true}]}}