{"id":100976,"date":"2026-03-08T21:57:23","date_gmt":"2026-03-09T04:57:23","guid":{"rendered":"https:\/\/www.interaccionnoticias.com.mx\/?p=100976"},"modified":"2026-03-08T21:57:24","modified_gmt":"2026-03-09T04:57:24","slug":"mujeres-en-8m-protestan-contra-abelina-evelyn-y-felix","status":"publish","type":"post","link":"https:\/\/www.interaccionnoticias.com.mx\/?p=100976","title":{"rendered":"Mujeres en 8M protestan contra Abelina, Evelyn y F\u00e9lix"},"content":{"rendered":"\n<p><strong>El Veladero<\/strong><\/p>\n\n\n\n<p><strong>Por Sergio Flores<\/strong><\/p>\n\n\n\n<p>En el D\u00eda Internacional de la Mujer, abundaron las protestas contra la alcaldesa de Acapulco Abelina L\u00f3pez, la gobernadora Evelyn Salgado, el senador F\u00e9lix Salgado y los maestros de la Universidad Aut\u00f3noma de Guerrero por acoso sexual.<\/p>\n\n\n\n<p>Marcharon feministas en Chilpancingo y no se callaron, protestaron a las puertas del palacio de gobierno reclamando a la gobernadora Evelyn Salgado por la violencia en Guerrero que ha provocado femenicidios y asesinatos de mujeres, desapariciones sin que esos casos encuentren justicia y soluci\u00f3n.<\/p>\n\n\n\n<p>Colocaron a las puertas de la sede del ejecutivo estatal una pelota envuelta en papel con la fotograf\u00eda del senador F\u00e9lix Salgado Macedonio y la leyenda \u00abviolador\u00bb, a la que le perdieron fuego en medio de gritos de reclamos.<\/p>\n\n\n\n<p>Y es que, en 2021 el entonces aspirante a la gubernatura de Guerrero F\u00e9lix Salgado por el partido Morena, fue denunciado penalmente por el delito de violaci\u00f3n, sin embargo el caso fue desestimado.<\/p>\n\n\n\n<p>En Acapulco, unos mil funcionarios municipales y miembros de la estructura pol\u00edtica de la alcaldesa morenista Abelina L\u00f3pez, muchos de ellos fueron acarreados de diversos municipios en camiones urbanos para marchar por la avenida Costera en lo que fue se\u00f1alado como actos de campa\u00f1a anticipada.<\/p>\n\n\n\n<p>En redes sociales, cientos de usuarios acusaron a la morenista Abelina de utilizar recursos municipales para apoyarse pol\u00edticamente ante las denuncias por presunto desv\u00edos de cerca de 900 millones de pesos para 510 obras p\u00fablicas posiblemente inexistentes que debieron ejecutarse en 2023.<\/p>\n\n\n\n<p>Adem\u00e1s, se\u00f1alaron a Abelina de mantener en malas condiciones la infraestructura urbana de Acapulco, la seguridad, la red hidrosanitaria y falta de agua potable pero s\u00ed gastar dinero p\u00fablico para promoverse pol\u00edticamente disfrazando el evento como una marcha feminista en un municipio con alto \u00edndice de violencia y femenicidios.<\/p>\n\n\n\n<p>En la capital del estado, feministas tambi\u00e9n se manifestaron en las instalaciones de la Universidad Aut\u00f3noma de Guerrero donde exigieron castigo contra los maestros que han cometido hostigamiento sexual a las alumnas de preparatoria y de nivel universitario.<\/p>\n","protected":false},"excerpt":{"rendered":"<p>El Veladero Por Sergio Flores En el D\u00eda Internacional de la Mujer, abundaron las protestas contra la alcaldesa de Acapulco Abelina L\u00f3pez, la gobernadora Evelyn Salgado, el senador F\u00e9lix Salgado&hellip; <\/p>\n","protected":false},"author":36,"featured_media":100978,"comment_status":"open","ping_status":"open","sticky":false,"template":"","format":"standard","meta":{"fifu_image_url":"https:\/\/www.interaccionnoticias.com.mx\/wp-content\/uploads\/2026\/03\/260308-marchan-mujeres-27.jpg","fifu_image_alt":"","footnotes":""},"categories":[16],"tags":[],"class_list":["post-100976","post","type-post","status-publish","format-standard","has-post-thumbnail","hentry","category-opinion"],"_links":{"self":[{"href":"https:\/\/www.interaccionnoticias.com.mx\/index.php?rest_route=\/wp\/v2\/posts\/100976","targetHints":{"allow":["GET"]}}],"collection":[{"href":"https:\/\/www.interaccionnoticias.com.mx\/index.php?rest_route=\/wp\/v2\/posts"}],"about":[{"href":"https:\/\/www.interaccionnoticias.com.mx\/index.php?rest_route=\/wp\/v2\/types\/post"}],"author":[{"embeddable":true,"href":"https:\/\/www.interaccionnoticias.com.mx\/index.php?rest_route=\/wp\/v2\/users\/36"}],"replies":[{"embeddable":true,"href":"https:\/\/www.interaccionnoticias.com.mx\/index.php?rest_route=%2Fwp%2Fv2%2Fcomments&post=100976"}],"version-history":[{"count":1,"href":"https:\/\/www.interaccionnoticias.com.mx\/index.php?rest_route=\/wp\/v2\/posts\/100976\/revisions"}],"predecessor-version":[{"id":100977,"href":"https:\/\/www.interaccionnoticias.com.mx\/index.php?rest_route=\/wp\/v2\/posts\/100976\/revisions\/100977"}],"wp:featuredmedia":[{"embeddable":true,"href":"https:\/\/www.interaccionnoticias.com.mx\/index.php?rest_route=\/wp\/v2\/media\/100978"}],"wp:attachment":[{"href":"https:\/\/www.interaccionnoticias.com.mx\/index.php?rest_route=%2Fwp%2Fv2%2Fmedia&parent=100976"}],"wp:term":[{"taxonomy":"category","embeddable":true,"href":"https:\/\/www.interaccionnoticias.com.mx\/index.php?rest_route=%2Fwp%2Fv2%2Fcategories&post=100976"},{"taxonomy":"post_tag","embeddable":true,"href":"https:\/\/www.interaccionnoticias.com.mx\/index.php?rest_route=%2Fwp%2Fv2%2Ftags&post=100976"}],"curies":[{"name":"wp","href":"https:\/\/api.w.org\/{rel}","templated":true}]}}