{"id":100926,"date":"2026-03-08T16:30:50","date_gmt":"2026-03-08T23:30:50","guid":{"rendered":"https:\/\/www.interaccionnoticias.com.mx\/?p=100926"},"modified":"2026-03-08T16:30:51","modified_gmt":"2026-03-08T23:30:51","slug":"claman-por-la-paz-en-ayutla-de-los-libres","status":"publish","type":"post","link":"https:\/\/www.interaccionnoticias.com.mx\/?p=100926","title":{"rendered":"Claman por la paz en Ayutla de los Libres"},"content":{"rendered":"\n<p><strong><em>&#8212; Ante los asistentes con l\u00e1grimas la edil pide ayuda al gobierno federal y estatal<br>&#8212; Exigen justicia por 11 polic\u00edas asesinados y dos funcionarios<br>&#8212; Tambi\u00e9n piden liberar a cinco presos<\/em><\/strong><\/p>\n\n\n\n<p><strong>Javier Trujillo<\/strong><\/p>\n\n\n\n<p><strong>Acapulco, Gro.-<\/strong> Ante unos 500 habitantes, transportistas, comerciantes, comisarios y mujeres reunidos en la explanada de la \u00abPlaza de la Paz\u00bb, en Ayutla de los Libres, clamaron por seguridad y justicia para los polic\u00edas asesinados y exigieron justicia por los polic\u00edas asesinados.<\/p>\n\n\n\n<p>La alcaldesa, Elizabeth Calixto Leyva, es la primera coordinadora con funciones de Presidenta Municipal en Ayutla de los Libres, tras la asamblea municipal realizada el 27 de octubre de 2024, bajo el sistema de usos y costumbres.<\/p>\n\n\n\n<p>Al hacer uso de la palabra, frente a los m\u00e1s de 500 asistentes a la Plaza de la Paz, se le quebr\u00f3 la voz, dijo que sus habitantes \u00abnadie quiere caminar con miedo\u00bb\u2026.y en seguida se le hizo un nudo en la garganta, por lo que las l\u00e1grimas le brotaron.<\/p>\n\n\n\n<p>En seguida los aplausos de los asistentes, as\u00ed como tambi\u00e9n del grupo de mujeres que hab\u00edan realizado la manifestacion por la marcha del M-8, fue el apoyo evidente que se hizo.<\/p>\n\n\n\n<p>\u00abPedimos, y seguiremos pidiendo mientras sigamos siendo escuchados, hablaremos mientras tengamos la voz, seguiremos gritando y pidiendo por la libertad de nuestro municipio\u00bb, dijo la coordinadora de la casa del pueblo.<\/p>\n\n\n\n<p>Antes una de las integrantes del M-8, hizo un llamado al gobierno estatal y federal para pedir seguridad y no tengamos miedo de salir y transitar, porque el gobierno federal pareciera que se ha olvidado de Ayutla de los Libres.<\/p>\n\n\n\n<p>\u00abMerecemos tener seguridad y por eso pedimos que cuando un compa\u00f1ero caiga todos pidamos justicia porque Ayutla merece ser libre\u00bb, dijo en su intervenci\u00f3n la joven ayutleca.<\/p>\n\n\n\n<p>Otro integrante de la Casa del Pueblo, del que pidieron omitir su nombre, recordaron que los nueve polic\u00edas comunitarios ca\u00eddos en la comunidad de El Cortijo aquel 16 de agosto tambi\u00e9n eran padres, hijos, hermanos, y amigos.<\/p>\n\n\n\n<p>\u00abPor eso estamos aqu\u00ed presentes. Ellos se merecen eso y m\u00e1s. Merecen que alcemos la voz porque fueron asesinados en la comunidad d\u00f3nde estaban haciendo un recorrido.<\/p>\n\n\n\n<p>\u00abSabemos que estamos organizados para defender a nuestras comunidades, sabemos que estamos organizados, para que compa\u00f1eros para que el d\u00eda de ma\u00f1ana nuestros hijos puedan jugar en las canchas de nuestras comunidades. Hoy hacemos un llamado al gobierno estatal y federal para que hagan justicia por este acto ruin\u00bb, dijo el representante de la ruta siete.<\/p>\n\n\n\n<p>Los manifestantes demandan al gobierno estatal la liberaci\u00f3n de Luis \u00c1ngel Duran, Santos Ponce Gonz\u00e1lez, Dario Avil\u00e9s Cuenca, Wilber Hern\u00e1ndez y Javier Bruno Castro, todos recluidos en el penal de Chilpancingo.<\/p>\n\n\n\n<p>Acusan que los presuntos delincuentes ese d\u00eda mataron a seis ciudadanos de la comunidad El Terrero, a tres los levantaron y los despedazaron y despu\u00e9s los acribillaron en la comisar\u00eda, y asesinaron a otros dos polic\u00edas rurales, adem\u00e1s del ganadero que sacaron de su casa para llevarlo y asesinarlo.<\/p>\n\n\n\n<p>\u00abNo es justo que est\u00e9n presos por cuidar a su familia, y su patrimonio por la impotencia de las autoridades encargadas de la seguridad no hicieron nada y tampoco agarraron a presuntos delincuentes\u00bb, reproch\u00f3 uno de los comisarios.<\/p>\n\n\n\n<p>En la concentraci\u00f3n de ciudadanos, choferes, comerciantes, colonos y grupos de comisarios, dijeron que es urgente que llegue el apoyo del gobierno.<\/p>\n\n\n\n<figure class=\"wp-block-gallery has-nested-images columns-default is-cropped wp-block-gallery-1 is-layout-flex wp-block-gallery-is-layout-flex\">\n<figure class=\"wp-block-image size-large\"><img decoding=\"async\" src=\"data:image\/gif;base64,R0lGODlhAQABAIAAAAAAAP\/\/\/ywAAAAAAQABAAACAUwAOw==\" fifu-lazy=\"1\" fifu-data-sizes=\"auto\" fifu-data-srcset=\"https:\/\/i0.wp.com\/www.interaccionnoticias.com.mx\/wp-content\/uploads\/2026\/03\/260308-Claman-por-la-paz-Ayutla-3-1024x683.jpg?ssl=1&w=75&resize=75&ssl=1 75w, https:\/\/i0.wp.com\/www.interaccionnoticias.com.mx\/wp-content\/uploads\/2026\/03\/260308-Claman-por-la-paz-Ayutla-3-1024x683.jpg?ssl=1&w=100&resize=100&ssl=1 100w, https:\/\/i0.wp.com\/www.interaccionnoticias.com.mx\/wp-content\/uploads\/2026\/03\/260308-Claman-por-la-paz-Ayutla-3-1024x683.jpg?ssl=1&w=150&resize=150&ssl=1 150w, https:\/\/i0.wp.com\/www.interaccionnoticias.com.mx\/wp-content\/uploads\/2026\/03\/260308-Claman-por-la-paz-Ayutla-3-1024x683.jpg?ssl=1&w=240&resize=240&ssl=1 240w, https:\/\/i0.wp.com\/www.interaccionnoticias.com.mx\/wp-content\/uploads\/2026\/03\/260308-Claman-por-la-paz-Ayutla-3-1024x683.jpg?ssl=1&w=320&resize=320&ssl=1 320w, https:\/\/i0.wp.com\/www.interaccionnoticias.com.mx\/wp-content\/uploads\/2026\/03\/260308-Claman-por-la-paz-Ayutla-3-1024x683.jpg?ssl=1&w=500&resize=500&ssl=1 500w, https:\/\/i0.wp.com\/www.interaccionnoticias.com.mx\/wp-content\/uploads\/2026\/03\/260308-Claman-por-la-paz-Ayutla-3-1024x683.jpg?ssl=1&w=640&resize=640&ssl=1 640w, https:\/\/i0.wp.com\/www.interaccionnoticias.com.mx\/wp-content\/uploads\/2026\/03\/260308-Claman-por-la-paz-Ayutla-3-1024x683.jpg?ssl=1&w=800&resize=800&ssl=1 800w, https:\/\/i0.wp.com\/www.interaccionnoticias.com.mx\/wp-content\/uploads\/2026\/03\/260308-Claman-por-la-paz-Ayutla-3-1024x683.jpg?ssl=1&w=1024&resize=1024&ssl=1 1024w, https:\/\/i0.wp.com\/www.interaccionnoticias.com.mx\/wp-content\/uploads\/2026\/03\/260308-Claman-por-la-paz-Ayutla-3-1024x683.jpg?ssl=1&w=1280&resize=1280&ssl=1 1280w, https:\/\/i0.wp.com\/www.interaccionnoticias.com.mx\/wp-content\/uploads\/2026\/03\/260308-Claman-por-la-paz-Ayutla-3-1024x683.jpg?ssl=1&w=1600&resize=1600&ssl=1 1600w\" data-id=\"100927\" fifu-data-src=\"https:\/\/i0.wp.com\/www.interaccionnoticias.com.mx\/wp-content\/uploads\/2026\/03\/260308-Claman-por-la-paz-Ayutla-3-1024x683.jpg?ssl=1\" alt=\"\" class=\"wp-image-100927\"\/><\/figure>\n\n\n\n<figure class=\"wp-block-image size-large\"><img decoding=\"async\" src=\"data:image\/gif;base64,R0lGODlhAQABAIAAAAAAAP\/\/\/ywAAAAAAQABAAACAUwAOw==\" fifu-lazy=\"1\" fifu-data-sizes=\"auto\" fifu-data-srcset=\"https:\/\/i1.wp.com\/www.interaccionnoticias.com.mx\/wp-content\/uploads\/2026\/03\/260308-Claman-por-la-paz-Ayutla-1-1024x683.jpg?ssl=1&w=75&resize=75&ssl=1 75w, https:\/\/i1.wp.com\/www.interaccionnoticias.com.mx\/wp-content\/uploads\/2026\/03\/260308-Claman-por-la-paz-Ayutla-1-1024x683.jpg?ssl=1&w=100&resize=100&ssl=1 100w, https:\/\/i1.wp.com\/www.interaccionnoticias.com.mx\/wp-content\/uploads\/2026\/03\/260308-Claman-por-la-paz-Ayutla-1-1024x683.jpg?ssl=1&w=150&resize=150&ssl=1 150w, https:\/\/i1.wp.com\/www.interaccionnoticias.com.mx\/wp-content\/uploads\/2026\/03\/260308-Claman-por-la-paz-Ayutla-1-1024x683.jpg?ssl=1&w=240&resize=240&ssl=1 240w, https:\/\/i1.wp.com\/www.interaccionnoticias.com.mx\/wp-content\/uploads\/2026\/03\/260308-Claman-por-la-paz-Ayutla-1-1024x683.jpg?ssl=1&w=320&resize=320&ssl=1 320w, https:\/\/i1.wp.com\/www.interaccionnoticias.com.mx\/wp-content\/uploads\/2026\/03\/260308-Claman-por-la-paz-Ayutla-1-1024x683.jpg?ssl=1&w=500&resize=500&ssl=1 500w, https:\/\/i1.wp.com\/www.interaccionnoticias.com.mx\/wp-content\/uploads\/2026\/03\/260308-Claman-por-la-paz-Ayutla-1-1024x683.jpg?ssl=1&w=640&resize=640&ssl=1 640w, https:\/\/i1.wp.com\/www.interaccionnoticias.com.mx\/wp-content\/uploads\/2026\/03\/260308-Claman-por-la-paz-Ayutla-1-1024x683.jpg?ssl=1&w=800&resize=800&ssl=1 800w, https:\/\/i1.wp.com\/www.interaccionnoticias.com.mx\/wp-content\/uploads\/2026\/03\/260308-Claman-por-la-paz-Ayutla-1-1024x683.jpg?ssl=1&w=1024&resize=1024&ssl=1 1024w, https:\/\/i1.wp.com\/www.interaccionnoticias.com.mx\/wp-content\/uploads\/2026\/03\/260308-Claman-por-la-paz-Ayutla-1-1024x683.jpg?ssl=1&w=1280&resize=1280&ssl=1 1280w, https:\/\/i1.wp.com\/www.interaccionnoticias.com.mx\/wp-content\/uploads\/2026\/03\/260308-Claman-por-la-paz-Ayutla-1-1024x683.jpg?ssl=1&w=1600&resize=1600&ssl=1 1600w\" data-id=\"100931\" fifu-data-src=\"https:\/\/i1.wp.com\/www.interaccionnoticias.com.mx\/wp-content\/uploads\/2026\/03\/260308-Claman-por-la-paz-Ayutla-1-1024x683.jpg?ssl=1\" alt=\"\" class=\"wp-image-100931\"\/><\/figure>\n\n\n\n<figure class=\"wp-block-image size-large\"><img decoding=\"async\" src=\"data:image\/gif;base64,R0lGODlhAQABAIAAAAAAAP\/\/\/ywAAAAAAQABAAACAUwAOw==\" fifu-lazy=\"1\" fifu-data-sizes=\"auto\" fifu-data-srcset=\"https:\/\/i0.wp.com\/www.interaccionnoticias.com.mx\/wp-content\/uploads\/2026\/03\/260308-Claman-por-la-paz-Ayutla-4-1024x683.jpg?ssl=1&w=75&resize=75&ssl=1 75w, https:\/\/i0.wp.com\/www.interaccionnoticias.com.mx\/wp-content\/uploads\/2026\/03\/260308-Claman-por-la-paz-Ayutla-4-1024x683.jpg?ssl=1&w=100&resize=100&ssl=1 100w, https:\/\/i0.wp.com\/www.interaccionnoticias.com.mx\/wp-content\/uploads\/2026\/03\/260308-Claman-por-la-paz-Ayutla-4-1024x683.jpg?ssl=1&w=150&resize=150&ssl=1 150w, https:\/\/i0.wp.com\/www.interaccionnoticias.com.mx\/wp-content\/uploads\/2026\/03\/260308-Claman-por-la-paz-Ayutla-4-1024x683.jpg?ssl=1&w=240&resize=240&ssl=1 240w, https:\/\/i0.wp.com\/www.interaccionnoticias.com.mx\/wp-content\/uploads\/2026\/03\/260308-Claman-por-la-paz-Ayutla-4-1024x683.jpg?ssl=1&w=320&resize=320&ssl=1 320w, https:\/\/i0.wp.com\/www.interaccionnoticias.com.mx\/wp-content\/uploads\/2026\/03\/260308-Claman-por-la-paz-Ayutla-4-1024x683.jpg?ssl=1&w=500&resize=500&ssl=1 500w, https:\/\/i0.wp.com\/www.interaccionnoticias.com.mx\/wp-content\/uploads\/2026\/03\/260308-Claman-por-la-paz-Ayutla-4-1024x683.jpg?ssl=1&w=640&resize=640&ssl=1 640w, https:\/\/i0.wp.com\/www.interaccionnoticias.com.mx\/wp-content\/uploads\/2026\/03\/260308-Claman-por-la-paz-Ayutla-4-1024x683.jpg?ssl=1&w=800&resize=800&ssl=1 800w, https:\/\/i0.wp.com\/www.interaccionnoticias.com.mx\/wp-content\/uploads\/2026\/03\/260308-Claman-por-la-paz-Ayutla-4-1024x683.jpg?ssl=1&w=1024&resize=1024&ssl=1 1024w, https:\/\/i0.wp.com\/www.interaccionnoticias.com.mx\/wp-content\/uploads\/2026\/03\/260308-Claman-por-la-paz-Ayutla-4-1024x683.jpg?ssl=1&w=1280&resize=1280&ssl=1 1280w, https:\/\/i0.wp.com\/www.interaccionnoticias.com.mx\/wp-content\/uploads\/2026\/03\/260308-Claman-por-la-paz-Ayutla-4-1024x683.jpg?ssl=1&w=1600&resize=1600&ssl=1 1600w\" data-id=\"100928\" fifu-data-src=\"https:\/\/i0.wp.com\/www.interaccionnoticias.com.mx\/wp-content\/uploads\/2026\/03\/260308-Claman-por-la-paz-Ayutla-4-1024x683.jpg?ssl=1\" alt=\"\" class=\"wp-image-100928\"\/><\/figure>\n\n\n\n<figure class=\"wp-block-image size-large\"><img decoding=\"async\" src=\"data:image\/gif;base64,R0lGODlhAQABAIAAAAAAAP\/\/\/ywAAAAAAQABAAACAUwAOw==\" fifu-lazy=\"1\" fifu-data-sizes=\"auto\" fifu-data-srcset=\"https:\/\/i2.wp.com\/www.interaccionnoticias.com.mx\/wp-content\/uploads\/2026\/03\/260308-Claman-por-la-paz-Ayutla-5-1024x683.jpg?ssl=1&w=75&resize=75&ssl=1 75w, https:\/\/i2.wp.com\/www.interaccionnoticias.com.mx\/wp-content\/uploads\/2026\/03\/260308-Claman-por-la-paz-Ayutla-5-1024x683.jpg?ssl=1&w=100&resize=100&ssl=1 100w, https:\/\/i2.wp.com\/www.interaccionnoticias.com.mx\/wp-content\/uploads\/2026\/03\/260308-Claman-por-la-paz-Ayutla-5-1024x683.jpg?ssl=1&w=150&resize=150&ssl=1 150w, https:\/\/i2.wp.com\/www.interaccionnoticias.com.mx\/wp-content\/uploads\/2026\/03\/260308-Claman-por-la-paz-Ayutla-5-1024x683.jpg?ssl=1&w=240&resize=240&ssl=1 240w, https:\/\/i2.wp.com\/www.interaccionnoticias.com.mx\/wp-content\/uploads\/2026\/03\/260308-Claman-por-la-paz-Ayutla-5-1024x683.jpg?ssl=1&w=320&resize=320&ssl=1 320w, https:\/\/i2.wp.com\/www.interaccionnoticias.com.mx\/wp-content\/uploads\/2026\/03\/260308-Claman-por-la-paz-Ayutla-5-1024x683.jpg?ssl=1&w=500&resize=500&ssl=1 500w, https:\/\/i2.wp.com\/www.interaccionnoticias.com.mx\/wp-content\/uploads\/2026\/03\/260308-Claman-por-la-paz-Ayutla-5-1024x683.jpg?ssl=1&w=640&resize=640&ssl=1 640w, https:\/\/i2.wp.com\/www.interaccionnoticias.com.mx\/wp-content\/uploads\/2026\/03\/260308-Claman-por-la-paz-Ayutla-5-1024x683.jpg?ssl=1&w=800&resize=800&ssl=1 800w, https:\/\/i2.wp.com\/www.interaccionnoticias.com.mx\/wp-content\/uploads\/2026\/03\/260308-Claman-por-la-paz-Ayutla-5-1024x683.jpg?ssl=1&w=1024&resize=1024&ssl=1 1024w, https:\/\/i2.wp.com\/www.interaccionnoticias.com.mx\/wp-content\/uploads\/2026\/03\/260308-Claman-por-la-paz-Ayutla-5-1024x683.jpg?ssl=1&w=1280&resize=1280&ssl=1 1280w, https:\/\/i2.wp.com\/www.interaccionnoticias.com.mx\/wp-content\/uploads\/2026\/03\/260308-Claman-por-la-paz-Ayutla-5-1024x683.jpg?ssl=1&w=1600&resize=1600&ssl=1 1600w\" data-id=\"100929\" fifu-data-src=\"https:\/\/i2.wp.com\/www.interaccionnoticias.com.mx\/wp-content\/uploads\/2026\/03\/260308-Claman-por-la-paz-Ayutla-5-1024x683.jpg?ssl=1\" alt=\"\" class=\"wp-image-100929\"\/><\/figure>\n\n\n\n<figure class=\"wp-block-image size-large\"><img decoding=\"async\" src=\"data:image\/gif;base64,R0lGODlhAQABAIAAAAAAAP\/\/\/ywAAAAAAQABAAACAUwAOw==\" fifu-lazy=\"1\" fifu-data-sizes=\"auto\" fifu-data-srcset=\"https:\/\/i2.wp.com\/www.interaccionnoticias.com.mx\/wp-content\/uploads\/2026\/03\/260308-Claman-por-la-paz-Ayutla-2-1024x683.jpg?ssl=1&w=75&resize=75&ssl=1 75w, https:\/\/i2.wp.com\/www.interaccionnoticias.com.mx\/wp-content\/uploads\/2026\/03\/260308-Claman-por-la-paz-Ayutla-2-1024x683.jpg?ssl=1&w=100&resize=100&ssl=1 100w, https:\/\/i2.wp.com\/www.interaccionnoticias.com.mx\/wp-content\/uploads\/2026\/03\/260308-Claman-por-la-paz-Ayutla-2-1024x683.jpg?ssl=1&w=150&resize=150&ssl=1 150w, https:\/\/i2.wp.com\/www.interaccionnoticias.com.mx\/wp-content\/uploads\/2026\/03\/260308-Claman-por-la-paz-Ayutla-2-1024x683.jpg?ssl=1&w=240&resize=240&ssl=1 240w, https:\/\/i2.wp.com\/www.interaccionnoticias.com.mx\/wp-content\/uploads\/2026\/03\/260308-Claman-por-la-paz-Ayutla-2-1024x683.jpg?ssl=1&w=320&resize=320&ssl=1 320w, https:\/\/i2.wp.com\/www.interaccionnoticias.com.mx\/wp-content\/uploads\/2026\/03\/260308-Claman-por-la-paz-Ayutla-2-1024x683.jpg?ssl=1&w=500&resize=500&ssl=1 500w, https:\/\/i2.wp.com\/www.interaccionnoticias.com.mx\/wp-content\/uploads\/2026\/03\/260308-Claman-por-la-paz-Ayutla-2-1024x683.jpg?ssl=1&w=640&resize=640&ssl=1 640w, https:\/\/i2.wp.com\/www.interaccionnoticias.com.mx\/wp-content\/uploads\/2026\/03\/260308-Claman-por-la-paz-Ayutla-2-1024x683.jpg?ssl=1&w=800&resize=800&ssl=1 800w, https:\/\/i2.wp.com\/www.interaccionnoticias.com.mx\/wp-content\/uploads\/2026\/03\/260308-Claman-por-la-paz-Ayutla-2-1024x683.jpg?ssl=1&w=1024&resize=1024&ssl=1 1024w, https:\/\/i2.wp.com\/www.interaccionnoticias.com.mx\/wp-content\/uploads\/2026\/03\/260308-Claman-por-la-paz-Ayutla-2-1024x683.jpg?ssl=1&w=1280&resize=1280&ssl=1 1280w, https:\/\/i2.wp.com\/www.interaccionnoticias.com.mx\/wp-content\/uploads\/2026\/03\/260308-Claman-por-la-paz-Ayutla-2-1024x683.jpg?ssl=1&w=1600&resize=1600&ssl=1 1600w\" data-id=\"100932\" fifu-data-src=\"https:\/\/i2.wp.com\/www.interaccionnoticias.com.mx\/wp-content\/uploads\/2026\/03\/260308-Claman-por-la-paz-Ayutla-2-1024x683.jpg?ssl=1\" alt=\"\" class=\"wp-image-100932\"\/><\/figure>\n\n\n\n<figure class=\"wp-block-image size-large\"><img decoding=\"async\" src=\"data:image\/gif;base64,R0lGODlhAQABAIAAAAAAAP\/\/\/ywAAAAAAQABAAACAUwAOw==\" fifu-lazy=\"1\" fifu-data-sizes=\"auto\" fifu-data-srcset=\"https:\/\/i1.wp.com\/www.interaccionnoticias.com.mx\/wp-content\/uploads\/2026\/03\/260308-Claman-por-la-paz-Ayutla-6-1024x683.jpg?ssl=1&w=75&resize=75&ssl=1 75w, https:\/\/i1.wp.com\/www.interaccionnoticias.com.mx\/wp-content\/uploads\/2026\/03\/260308-Claman-por-la-paz-Ayutla-6-1024x683.jpg?ssl=1&w=100&resize=100&ssl=1 100w, https:\/\/i1.wp.com\/www.interaccionnoticias.com.mx\/wp-content\/uploads\/2026\/03\/260308-Claman-por-la-paz-Ayutla-6-1024x683.jpg?ssl=1&w=150&resize=150&ssl=1 150w, https:\/\/i1.wp.com\/www.interaccionnoticias.com.mx\/wp-content\/uploads\/2026\/03\/260308-Claman-por-la-paz-Ayutla-6-1024x683.jpg?ssl=1&w=240&resize=240&ssl=1 240w, https:\/\/i1.wp.com\/www.interaccionnoticias.com.mx\/wp-content\/uploads\/2026\/03\/260308-Claman-por-la-paz-Ayutla-6-1024x683.jpg?ssl=1&w=320&resize=320&ssl=1 320w, https:\/\/i1.wp.com\/www.interaccionnoticias.com.mx\/wp-content\/uploads\/2026\/03\/260308-Claman-por-la-paz-Ayutla-6-1024x683.jpg?ssl=1&w=500&resize=500&ssl=1 500w, https:\/\/i1.wp.com\/www.interaccionnoticias.com.mx\/wp-content\/uploads\/2026\/03\/260308-Claman-por-la-paz-Ayutla-6-1024x683.jpg?ssl=1&w=640&resize=640&ssl=1 640w, https:\/\/i1.wp.com\/www.interaccionnoticias.com.mx\/wp-content\/uploads\/2026\/03\/260308-Claman-por-la-paz-Ayutla-6-1024x683.jpg?ssl=1&w=800&resize=800&ssl=1 800w, https:\/\/i1.wp.com\/www.interaccionnoticias.com.mx\/wp-content\/uploads\/2026\/03\/260308-Claman-por-la-paz-Ayutla-6-1024x683.jpg?ssl=1&w=1024&resize=1024&ssl=1 1024w, https:\/\/i1.wp.com\/www.interaccionnoticias.com.mx\/wp-content\/uploads\/2026\/03\/260308-Claman-por-la-paz-Ayutla-6-1024x683.jpg?ssl=1&w=1280&resize=1280&ssl=1 1280w, https:\/\/i1.wp.com\/www.interaccionnoticias.com.mx\/wp-content\/uploads\/2026\/03\/260308-Claman-por-la-paz-Ayutla-6-1024x683.jpg?ssl=1&w=1600&resize=1600&ssl=1 1600w\" data-id=\"100930\" fifu-data-src=\"https:\/\/i1.wp.com\/www.interaccionnoticias.com.mx\/wp-content\/uploads\/2026\/03\/260308-Claman-por-la-paz-Ayutla-6-1024x683.jpg?ssl=1\" alt=\"\" class=\"wp-image-100930\"\/><\/figure>\n<\/figure>\n","protected":false},"excerpt":{"rendered":"<p>&#8212; Ante los asistentes con l\u00e1grimas la edil pide ayuda al gobierno federal y estatal&#8212; Exigen justicia por 11 polic\u00edas asesinados y dos funcionarios&#8212; Tambi\u00e9n piden liberar a cinco presos&hellip; <\/p>\n","protected":false},"author":3,"featured_media":100934,"comment_status":"open","ping_status":"open","sticky":false,"template":"","format":"standard","meta":{"fifu_image_url":"https:\/\/www.interaccionnoticias.com.mx\/wp-content\/uploads\/2026\/03\/260308-Claman-por-la-paz-Ayutla-1.jpg","fifu_image_alt":"","footnotes":""},"categories":[23],"tags":[],"class_list":["post-100926","post","type-post","status-publish","format-standard","has-post-thumbnail","hentry","category-regionales"],"_links":{"self":[{"href":"https:\/\/www.interaccionnoticias.com.mx\/index.php?rest_route=\/wp\/v2\/posts\/100926","targetHints":{"allow":["GET"]}}],"collection":[{"href":"https:\/\/www.interaccionnoticias.com.mx\/index.php?rest_route=\/wp\/v2\/posts"}],"about":[{"href":"https:\/\/www.interaccionnoticias.com.mx\/index.php?rest_route=\/wp\/v2\/types\/post"}],"author":[{"embeddable":true,"href":"https:\/\/www.interaccionnoticias.com.mx\/index.php?rest_route=\/wp\/v2\/users\/3"}],"replies":[{"embeddable":true,"href":"https:\/\/www.interaccionnoticias.com.mx\/index.php?rest_route=%2Fwp%2Fv2%2Fcomments&post=100926"}],"version-history":[{"count":1,"href":"https:\/\/www.interaccionnoticias.com.mx\/index.php?rest_route=\/wp\/v2\/posts\/100926\/revisions"}],"predecessor-version":[{"id":100933,"href":"https:\/\/www.interaccionnoticias.com.mx\/index.php?rest_route=\/wp\/v2\/posts\/100926\/revisions\/100933"}],"wp:featuredmedia":[{"embeddable":true,"href":"https:\/\/www.interaccionnoticias.com.mx\/index.php?rest_route=\/wp\/v2\/media\/100934"}],"wp:attachment":[{"href":"https:\/\/www.interaccionnoticias.com.mx\/index.php?rest_route=%2Fwp%2Fv2%2Fmedia&parent=100926"}],"wp:term":[{"taxonomy":"category","embeddable":true,"href":"https:\/\/www.interaccionnoticias.com.mx\/index.php?rest_route=%2Fwp%2Fv2%2Fcategories&post=100926"},{"taxonomy":"post_tag","embeddable":true,"href":"https:\/\/www.interaccionnoticias.com.mx\/index.php?rest_route=%2Fwp%2Fv2%2Ftags&post=100926"}],"curies":[{"name":"wp","href":"https:\/\/api.w.org\/{rel}","templated":true}]}}