{"id":100922,"date":"2026-03-08T15:23:21","date_gmt":"2026-03-08T22:23:21","guid":{"rendered":"https:\/\/www.interaccionnoticias.com.mx\/?p=100922"},"modified":"2026-03-08T15:23:22","modified_gmt":"2026-03-08T22:23:22","slug":"ahuevo-que-el-pri-ya-tiene-candidato-dice-secretaria-general-del-partido-en-iguala","status":"publish","type":"post","link":"https:\/\/www.interaccionnoticias.com.mx\/?p=100922","title":{"rendered":"\u201cAhuevo que el PRI ya tiene candidato\u201d, dice secretaria general del partido en Iguala"},"content":{"rendered":"\n<p><strong><em>&#8212; Pilar Vadillo Ruiz colma de elogios al ex alcalde de Iguala, David Gama P\u00e9rez<\/em><\/strong><\/p>\n\n\n\n<p><strong>Rogelio Agust\u00edn<\/strong><\/p>\n\n\n\n<p>\u201cAhuevo que el PRI ya tiene candidato para Iguala\u201d, dijo la secretaria general del Comit\u00e9 Directivo Estatal (CDE) de dicho instituto pol\u00edtico, Pilar Vadillo Ruiz, en el marco del festejo de los 97 a\u00f1os de fundaci\u00f3n del partido tricolor.<\/p>\n\n\n\n<p>En un evento realizado en la cuna de la bandera nacional, estuvo el dirigente estatal, Alejandro Bravo Abarca y entre otros actores, el senador Manuel A\u00f1orve Ba\u00f1os.<\/p>\n\n\n\n<p>Al momento de hacer uso de la palabra, Vadillo Ruiz habl\u00f3 sobre el ex alcalde David Gama P\u00e9rez, a quien describi\u00f3 como un pol\u00edtico prodigioso originario de la comunidad de Metlapa.<\/p>\n\n\n\n<p>Indic\u00f3 que se trata de un arquitecto que ya encabez\u00f3 los destino de la comuna Igualteca, por lo que asever\u00f3: \u201cEs un priista connotado, de los que saben gobernar\u201d.<\/p>\n\n\n\n<p>Por eso asever\u00f3: \u201cMe pregunta a mi, que si el PRI ya defini\u00f3 candidatura y yo les digo que esa es una ingenuidad \u00bfQu\u00e9 m\u00e1s definici\u00f3n que las caracter\u00edsticas que he descrito? \u00a1A huevo que Iguala ya tiene candidato!<\/p>\n\n\n\n<p>Luego, destac\u00f3 que los habitantes de dicho municipio tienen muchos elementos para establecer una diferencia entre el trabajo realizado por Gama P\u00e9rez (de 2021 a 2024) y el de quien actualmente ocupa la alcald\u00eda; Erick Catal\u00e1n Rend\u00f3n, ex priista que actualmente milita en el PVEM.<\/p>\n\n\n\n<p>La dirigente del tricolor tambi\u00e9n se tom\u00f3 el espacio para elogiar al coordinador de su partido en el Senado de la Rep\u00fablica, Manuel A\u00f1orve Ba\u00f1os.<\/p>\n","protected":false},"excerpt":{"rendered":"<p>&#8212; Pilar Vadillo Ruiz colma de elogios al ex alcalde de Iguala, David Gama P\u00e9rez Rogelio Agust\u00edn \u201cAhuevo que el PRI ya tiene candidato para Iguala\u201d, dijo la secretaria general&hellip; <\/p>\n","protected":false},"author":21,"featured_media":100925,"comment_status":"open","ping_status":"open","sticky":false,"template":"","format":"standard","meta":{"fifu_image_url":"https:\/\/www.interaccionnoticias.com.mx\/wp-content\/uploads\/2026\/03\/260308-Pilar-Vadillo-Ruiz.jpg","fifu_image_alt":"","footnotes":""},"categories":[21],"tags":[],"class_list":["post-100922","post","type-post","status-publish","format-standard","has-post-thumbnail","hentry","category-politica"],"_links":{"self":[{"href":"https:\/\/www.interaccionnoticias.com.mx\/index.php?rest_route=\/wp\/v2\/posts\/100922","targetHints":{"allow":["GET"]}}],"collection":[{"href":"https:\/\/www.interaccionnoticias.com.mx\/index.php?rest_route=\/wp\/v2\/posts"}],"about":[{"href":"https:\/\/www.interaccionnoticias.com.mx\/index.php?rest_route=\/wp\/v2\/types\/post"}],"author":[{"embeddable":true,"href":"https:\/\/www.interaccionnoticias.com.mx\/index.php?rest_route=\/wp\/v2\/users\/21"}],"replies":[{"embeddable":true,"href":"https:\/\/www.interaccionnoticias.com.mx\/index.php?rest_route=%2Fwp%2Fv2%2Fcomments&post=100922"}],"version-history":[{"count":1,"href":"https:\/\/www.interaccionnoticias.com.mx\/index.php?rest_route=\/wp\/v2\/posts\/100922\/revisions"}],"predecessor-version":[{"id":100924,"href":"https:\/\/www.interaccionnoticias.com.mx\/index.php?rest_route=\/wp\/v2\/posts\/100922\/revisions\/100924"}],"wp:featuredmedia":[{"embeddable":true,"href":"https:\/\/www.interaccionnoticias.com.mx\/index.php?rest_route=\/wp\/v2\/media\/100925"}],"wp:attachment":[{"href":"https:\/\/www.interaccionnoticias.com.mx\/index.php?rest_route=%2Fwp%2Fv2%2Fmedia&parent=100922"}],"wp:term":[{"taxonomy":"category","embeddable":true,"href":"https:\/\/www.interaccionnoticias.com.mx\/index.php?rest_route=%2Fwp%2Fv2%2Fcategories&post=100922"},{"taxonomy":"post_tag","embeddable":true,"href":"https:\/\/www.interaccionnoticias.com.mx\/index.php?rest_route=%2Fwp%2Fv2%2Ftags&post=100922"}],"curies":[{"name":"wp","href":"https:\/\/api.w.org\/{rel}","templated":true}]}}