{"id":100903,"date":"2026-03-08T14:05:38","date_gmt":"2026-03-08T21:05:38","guid":{"rendered":"https:\/\/www.interaccionnoticias.com.mx\/?p=100903"},"modified":"2026-03-08T14:05:40","modified_gmt":"2026-03-08T21:05:40","slug":"colectiva-cancela-marcha-del-8m-en-tlapa","status":"publish","type":"post","link":"https:\/\/www.interaccionnoticias.com.mx\/?p=100903","title":{"rendered":"Colectiva cancela marcha del 8M en Tlapa"},"content":{"rendered":"\n<p><em><strong>&#8212; Integrantes de Monta\u00f1a Feminista Tlapa informaron que optaron por suspender la movilizaci\u00f3n por motivos de seguridad<\/strong><\/em><\/p>\n\n\n\n<p><strong>Interacci\u00f3n Noticias<\/strong><\/p>\n\n\n\n<p>La colectiva \u201cMonta\u00f1a Feminista Tlapa\u201d anunci\u00f3 la cancelaci\u00f3n de la marcha que ten\u00eda prevista realizar este 8 de marzo en el municipio considerado como coraz\u00f3n pol\u00edtico de la Monta\u00f1a, pues argumentar que las condiciones de inseguridad no garantizan la integridad de las participantes.<\/p>\n\n\n\n<p>A trav\u00e9s de un pronunciamiento difundido en redes sociales, las integrantes informaron que la decisi\u00f3n fue tomada luego de analizar el contexto actual que se vive en el municipio.<\/p>\n\n\n\n<p>El documento se\u00f1ala: \u201cDespu\u00e9s de una cuidadosa consideraci\u00f3n y evaluaci\u00f3n de la situaci\u00f3n actual de Tlapa de Comonfort, hemos decidido no realizar la marcha del 8M este a\u00f1o\u201d.<\/p>\n\n\n\n<p>Las activistas indicaron que la determinaci\u00f3n responde a la falta de condiciones de seguridad, lo que podr\u00eda representar un riesgo para quienes pretend\u00edan sumarse a la movilizaci\u00f3n.<\/p>\n\n\n\n<p>En el mensaje tambi\u00e9n expresaron su preocupaci\u00f3n por el clima de violencia que se vive en el municipio y reiteraron que no desean exponer a sus compa\u00f1eras, simpatizantes o dem\u00e1s mujeres que est\u00e9n interesadas en participar.<\/p>\n\n\n\n<p>\u201cLa seguridad es un derecho fundamental y no podemos ignorar la realidad que estamos viviendo en Tlapa\u201d, aseguraron.<\/p>\n\n\n\n<p>La colectiva precis\u00f3 que la cancelaci\u00f3n de la marcha no implica restar importancia al significado del 8 de marzo ni a la lucha por los derechos de las mujeres, al tiempo que manifestaron respeto por quienes decidan manifestarse de manera individual o junto con otros colectivos.<\/p>\n\n\n\n<p>Asimismo, se deslindaron de cualquier actividad o movilizaci\u00f3n que se realice este d\u00eda en el municipio y aclararon que no asumir\u00e1n responsabilidad por posibles incidentes, al reiterar que su prioridad es salvaguardar la integridad de las personas, sean o no simpatizantes.<\/p>\n","protected":false},"excerpt":{"rendered":"<p>&#8212; Integrantes de Monta\u00f1a Feminista Tlapa informaron que optaron por suspender la movilizaci\u00f3n por motivos de seguridad Interacci\u00f3n Noticias La colectiva \u201cMonta\u00f1a Feminista Tlapa\u201d anunci\u00f3 la cancelaci\u00f3n de la marcha&hellip; <\/p>\n","protected":false},"author":2,"featured_media":100906,"comment_status":"open","ping_status":"open","sticky":false,"template":"","format":"standard","meta":{"fifu_image_url":"https:\/\/www.interaccionnoticias.com.mx\/wp-content\/uploads\/2026\/03\/260308-8M-en-Tlapa.jpg","fifu_image_alt":"","footnotes":""},"categories":[15],"tags":[],"class_list":["post-100903","post","type-post","status-publish","format-standard","has-post-thumbnail","hentry","category-movimientos-sociales"],"_links":{"self":[{"href":"https:\/\/www.interaccionnoticias.com.mx\/index.php?rest_route=\/wp\/v2\/posts\/100903","targetHints":{"allow":["GET"]}}],"collection":[{"href":"https:\/\/www.interaccionnoticias.com.mx\/index.php?rest_route=\/wp\/v2\/posts"}],"about":[{"href":"https:\/\/www.interaccionnoticias.com.mx\/index.php?rest_route=\/wp\/v2\/types\/post"}],"author":[{"embeddable":true,"href":"https:\/\/www.interaccionnoticias.com.mx\/index.php?rest_route=\/wp\/v2\/users\/2"}],"replies":[{"embeddable":true,"href":"https:\/\/www.interaccionnoticias.com.mx\/index.php?rest_route=%2Fwp%2Fv2%2Fcomments&post=100903"}],"version-history":[{"count":1,"href":"https:\/\/www.interaccionnoticias.com.mx\/index.php?rest_route=\/wp\/v2\/posts\/100903\/revisions"}],"predecessor-version":[{"id":100905,"href":"https:\/\/www.interaccionnoticias.com.mx\/index.php?rest_route=\/wp\/v2\/posts\/100903\/revisions\/100905"}],"wp:featuredmedia":[{"embeddable":true,"href":"https:\/\/www.interaccionnoticias.com.mx\/index.php?rest_route=\/wp\/v2\/media\/100906"}],"wp:attachment":[{"href":"https:\/\/www.interaccionnoticias.com.mx\/index.php?rest_route=%2Fwp%2Fv2%2Fmedia&parent=100903"}],"wp:term":[{"taxonomy":"category","embeddable":true,"href":"https:\/\/www.interaccionnoticias.com.mx\/index.php?rest_route=%2Fwp%2Fv2%2Fcategories&post=100903"},{"taxonomy":"post_tag","embeddable":true,"href":"https:\/\/www.interaccionnoticias.com.mx\/index.php?rest_route=%2Fwp%2Fv2%2Ftags&post=100903"}],"curies":[{"name":"wp","href":"https:\/\/api.w.org\/{rel}","templated":true}]}}