{"id":10049,"date":"2017-11-12T16:25:27","date_gmt":"2017-11-12T22:25:27","guid":{"rendered":"http:\/\/www.inter-accion.com.mx\/?p=10049"},"modified":"2017-11-12T16:25:27","modified_gmt":"2017-11-12T22:25:27","slug":"el-platanal-tiradero-de-basura-con-los-dias-contados","status":"publish","type":"post","link":"https:\/\/www.interaccionnoticias.com.mx\/?p=10049","title":{"rendered":"El Platanal, tiradero de basura con los d\u00edas contados"},"content":{"rendered":"<p class=\"m_-5940192593945553660x_MsoListParagraph\"><strong><span lang=\"ES\">Chilpancingo a\u00fan no decide si tomar\u00e1 la ruta del relleno intermunicipal&nbsp;<\/span><\/strong><\/p>\n<p class=\"m_-5940192593945553660x_MsoNormal\"><span lang=\"ES\">&nbsp;<\/span><span lang=\"ES\">El gobierno municipal de Eduardo Neri proyecta el cierre del tiradero de basura ubicado en \u201cEl Platanal\u201d para el mes de diciembre, en ese tiempo, Chilpancingo debe resolver el problema que representa la ausencia de un relleno sanitario, si no lo hace, el tema de los desechos s\u00f3lidos ser\u00e1 nuevamente un factor de crisis en la capital de Guerrero.<\/span><\/p>\n<p class=\"m_-5940192593945553660x_MsoNormal\"><span lang=\"ES\">Pablo Higuera Fuentes, presidente municipal de Eduardo Neri, inform\u00f3 que son dos los momentos en que se ha reunido con su hom\u00f3logo de Chilpancingo, el empresario Jes\u00fas Tejeda Vargas, quien asumi\u00f3 el cargo tras la solicitud de licencia del alcalde electo constitucionalmente, Marco Antonio Leyva Mena.<\/span><\/p>\n<p class=\"m_-5940192593945553660x_MsoNormal\"><span lang=\"ES\">En la primera ocasi\u00f3n, el primer edil de Zumpango puso al tanto a Tejeda Vargas de los asuntos que estaba trabajando en conjunto con su antecesor, Marco Antonio Leyva.<\/span><\/p>\n<p class=\"m_-5940192593945553660x_MsoNormal\"><span lang=\"ES\">En un segundo encuentro se trat\u00f3 de dar continuidad al proyecto de las basura, con la disposici\u00f3n de mantener el respaldo hacia la capital del estado, que carece de un espacio para dar destino final a sus 300 toneladas de basura.<\/span><\/p>\n<p class=\"m_-5940192593945553660x_MsoNormal\"><span lang=\"ES\">Higuera Fuentes sostiene que al alcalde anterior, el problema se le complic\u00f3 porque en realidad le puso muy poca atenci\u00f3n, por lo que indic\u00f3, espera que el actual presidente municipal de Chilpancingo le d\u00e9 al asunto la importancia que tiene.<\/span><\/p>\n<p class=\"m_-5940192593945553660x_MsoNormal\"><strong><span lang=\"ES\">&nbsp;<\/span><span lang=\"ES\">Urge una definici\u00f3n<\/span><\/strong><\/p>\n<p class=\"m_-5940192593945553660x_MsoNormal\"><span lang=\"ES\">&nbsp;<\/span><span lang=\"ES\">Higuera Fuentes reconoci\u00f3 que tanto Eduardo Neri como Chilpancingo enfrentan un problema muy serio en cuanto al control del tema de la basura, aunque sostuvo para el caso de Zumpango existen m\u00e1s opciones viables.<\/span><\/p>\n<p class=\"m_-5940192593945553660x_MsoNormal\"><span lang=\"ES\">\u201cNosotros tenemos una alternativa muy buena, pero si la ponemos en marcha entonces Chilpancingo ya queda fuera, por eso esperamos que haya una definici\u00f3n m\u00e1s clara para trabajar juntos\u201d, anot\u00f3.<\/span><\/p>\n<p class=\"m_-5940192593945553660x_MsoNormal\"><span lang=\"ES\">Coment\u00f3 que tuvo la oportunidad de reunirse con el gobernador H\u00e9ctor Astudillo Flores, quien solicit\u00f3 a Zumpango retomar el tema con una perspectivo intermunicipal, de lo que dijo estar convencido de que es lo m\u00e1s viable.<\/span><\/p>\n<p class=\"m_-5940192593945553660x_MsoNormal\"><span lang=\"ES\">En referencia al jefe de cabildo capitalino, Higuera refiere: \u201cLo veo con ganas, desafortunadamente le mont\u00f3 al caballo corriendo y noto que est\u00e1 metido m\u00e1s en otras tareas propias de la administraci\u00f3n, pero debo comentar que se nos est\u00e1 acabando el tiempo\u201d.<\/span><\/p>\n<p class=\"m_-5940192593945553660x_MsoNormal\"><span lang=\"ES\">Explic\u00f3: \u201cEn el caso del Platanal est\u00e1 al 95 porciento de su capacidad, por el trato que se le dio no tan correcto para concluir su periodo de vida y tenemos programado cerrarlo en diciembre\u201d.<\/span><\/p>\n<p class=\"m_-5940192593945553660x_MsoNormal\"><span lang=\"ES\">Agreg\u00f3 que su administraci\u00f3n est\u00e1 preparada para que a partir de enero, se comience a trabajar en la alternativa que solo representa la soluci\u00f3n para su municipio.<\/span><\/p>\n<p class=\"m_-5940192593945553660x_MsoNormal\"><span lang=\"ES\">\u201cSi Chilpancingo se interesa en esto, pues debemos darle celeridad porque estamos a mes y medio de que esto concluya y no podemos decir algo de \u00faltima hora\u201d, indic\u00f3.<\/span><\/p>\n<p class=\"m_-5940192593945553660x_MsoNormal\"><span lang=\"ES\">Record\u00f3 que el problema de la basura se genera d\u00eda con d\u00eda y no espera, por eso la necesidad de que en Chilpancingo se tome una determinaci\u00f3n.<\/span><\/p>\n","protected":false},"excerpt":{"rendered":"<p>Chilpancingo a\u00fan no decide si tomar\u00e1 la ruta del relleno intermunicipal&nbsp; &nbsp;El gobierno municipal de Eduardo Neri proyecta el cierre del tiradero de basura ubicado en \u201cEl Platanal\u201d para el&hellip; <\/p>\n","protected":false},"author":1,"featured_media":0,"comment_status":"closed","ping_status":"closed","sticky":false,"template":"","format":"standard","meta":{"fifu_image_url":"","fifu_image_alt":"","footnotes":""},"categories":[13,8],"tags":[],"class_list":["post-10049","post","type-post","status-publish","format-standard","hentry","category-capital","category-featured"],"_links":{"self":[{"href":"https:\/\/www.interaccionnoticias.com.mx\/index.php?rest_route=\/wp\/v2\/posts\/10049","targetHints":{"allow":["GET"]}}],"collection":[{"href":"https:\/\/www.interaccionnoticias.com.mx\/index.php?rest_route=\/wp\/v2\/posts"}],"about":[{"href":"https:\/\/www.interaccionnoticias.com.mx\/index.php?rest_route=\/wp\/v2\/types\/post"}],"author":[{"embeddable":true,"href":"https:\/\/www.interaccionnoticias.com.mx\/index.php?rest_route=\/wp\/v2\/users\/1"}],"replies":[{"embeddable":true,"href":"https:\/\/www.interaccionnoticias.com.mx\/index.php?rest_route=%2Fwp%2Fv2%2Fcomments&post=10049"}],"version-history":[{"count":0,"href":"https:\/\/www.interaccionnoticias.com.mx\/index.php?rest_route=\/wp\/v2\/posts\/10049\/revisions"}],"wp:attachment":[{"href":"https:\/\/www.interaccionnoticias.com.mx\/index.php?rest_route=%2Fwp%2Fv2%2Fmedia&parent=10049"}],"wp:term":[{"taxonomy":"category","embeddable":true,"href":"https:\/\/www.interaccionnoticias.com.mx\/index.php?rest_route=%2Fwp%2Fv2%2Fcategories&post=10049"},{"taxonomy":"post_tag","embeddable":true,"href":"https:\/\/www.interaccionnoticias.com.mx\/index.php?rest_route=%2Fwp%2Fv2%2Ftags&post=10049"}],"curies":[{"name":"wp","href":"https:\/\/api.w.org\/{rel}","templated":true}]}}