{"id":10040,"date":"2017-11-11T18:04:20","date_gmt":"2017-11-12T00:04:20","guid":{"rendered":"http:\/\/www.inter-accion.com.mx\/?p=10040"},"modified":"2017-11-11T18:04:20","modified_gmt":"2017-11-12T00:04:20","slug":"se-reforzara-la-vigilancia-en-iguala-anticipa-el-gobernador","status":"publish","type":"post","link":"https:\/\/www.interaccionnoticias.com.mx\/?p=10040","title":{"rendered":"Se reforzar\u00e1 la vigilancia en Iguala, anticipa el gobernador"},"content":{"rendered":"<p style=\"font-weight: 400;\">Ante el repunte de la violencia en Iguala, el gobierno estatal anticip\u00f3 que se reforzar\u00e1 la vigilancia he dicho municipio.<\/p>\n<p style=\"font-weight: 400;\">Este fin de semana se registraron ejecuciones al estilo del crimen organizado, como cuando Guerreros Unidos (GU) ejerc\u00eda un control total en la zona Norte de la entidad.<\/p>\n<p style=\"font-weight: 400;\">El gobernador H\u00e9ctor Astudillo Flores reconoci\u00f3 que hace falta reforzar los trabajos de vigilancia, por lo que apunt\u00f3: \u201cIguala hab\u00eda sido un lugar en donde se hab\u00edan disminuido los \u00edndices (delictivos) muy notablemente, hay que volver a reforzar y tambi\u00e9n iniciar un trabajo, en donde se nos volvieron a presentar problemas\u201d, destac\u00f3.<\/p>\n<p style=\"font-weight: 400;\">De hecho, manifest\u00f3 que no descarta la posibilidad de dialogar con el ayuntamiento que preside Her\u00f3n Delgado Casta\u00f1eda, con la intenci\u00f3n de comentar la posibilidad de entregar armas y equipo a la polic\u00eda preventiva municipal.<\/p>\n<p style=\"font-weight: 400;\">&nbsp;&nbsp;<\/p>\n","protected":false},"excerpt":{"rendered":"<p>Ante el repunte de la violencia en Iguala, el gobierno estatal anticip\u00f3 que se reforzar\u00e1 la vigilancia he dicho municipio. Este fin de semana se registraron ejecuciones al estilo del&hellip; <\/p>\n","protected":false},"author":1,"featured_media":0,"comment_status":"closed","ping_status":"closed","sticky":false,"template":"","format":"standard","meta":{"fifu_image_url":"","fifu_image_alt":"","footnotes":""},"categories":[8,23],"tags":[],"class_list":["post-10040","post","type-post","status-publish","format-standard","hentry","category-featured","category-regionales"],"_links":{"self":[{"href":"https:\/\/www.interaccionnoticias.com.mx\/index.php?rest_route=\/wp\/v2\/posts\/10040","targetHints":{"allow":["GET"]}}],"collection":[{"href":"https:\/\/www.interaccionnoticias.com.mx\/index.php?rest_route=\/wp\/v2\/posts"}],"about":[{"href":"https:\/\/www.interaccionnoticias.com.mx\/index.php?rest_route=\/wp\/v2\/types\/post"}],"author":[{"embeddable":true,"href":"https:\/\/www.interaccionnoticias.com.mx\/index.php?rest_route=\/wp\/v2\/users\/1"}],"replies":[{"embeddable":true,"href":"https:\/\/www.interaccionnoticias.com.mx\/index.php?rest_route=%2Fwp%2Fv2%2Fcomments&post=10040"}],"version-history":[{"count":0,"href":"https:\/\/www.interaccionnoticias.com.mx\/index.php?rest_route=\/wp\/v2\/posts\/10040\/revisions"}],"wp:attachment":[{"href":"https:\/\/www.interaccionnoticias.com.mx\/index.php?rest_route=%2Fwp%2Fv2%2Fmedia&parent=10040"}],"wp:term":[{"taxonomy":"category","embeddable":true,"href":"https:\/\/www.interaccionnoticias.com.mx\/index.php?rest_route=%2Fwp%2Fv2%2Fcategories&post=10040"},{"taxonomy":"post_tag","embeddable":true,"href":"https:\/\/www.interaccionnoticias.com.mx\/index.php?rest_route=%2Fwp%2Fv2%2Ftags&post=10040"}],"curies":[{"name":"wp","href":"https:\/\/api.w.org\/{rel}","templated":true}]}}